{"id":16121,"date":"2025-01-28T09:41:44","date_gmt":"2025-01-28T12:41:44","guid":{"rendered":"http:\/\/comdep.com.br\/?p=16121"},"modified":"2025-01-28T09:41:44","modified_gmt":"2025-01-28T12:41:44","slug":"prefeitura-inicia-lavagem-e-higienizacao-dos-terminais-de-onibus-do-municipio","status":"publish","type":"post","link":"https:\/\/comdep.com.br\/?p=16121","title":{"rendered":"Prefeitura inicia lavagem e higieniza\u00e7\u00e3o dos terminais de \u00f4nibus do munic\u00edpio"},"content":{"rendered":"\n<p>A Prefeitura, por meio da <strong>Companhia Municipal de Desenvolvimento de Petr\u00f3polis (Comdep)<\/strong> iniciou, na noite de quarta-feira (15), um mutir\u00e3o de lavagem e higieniza\u00e7\u00e3o dos tr\u00eas principais terminais de \u00f4nibus urbano do munic\u00edpio. A a\u00e7\u00e3o come\u00e7ou pelo Terminal Centro e, nesta quinta-feira (16), ser\u00e1 a vez do Terminal de Corr\u00eaas, com os trabalhos come\u00e7ando \u00e0s 23h. Na sexta-feira (17), os servi\u00e7os ser\u00e3o realizados no Terminal de Itaipava.<\/p>\n\n\n\n<p>No Terminal Centro, por onde circulam cerca de 25 mil pessoas diariamente, os trabalhos envolveram uma equipe especializada que utilizou produtos de limpeza e equipamentos para a lavagem completa do piso, corrim\u00e3os e demais estruturas. Para os Terminais de Corr\u00eaas e Itaipava, ser\u00e1 realizada a mesma metodologia, priorizando a limpeza profunda dos espa\u00e7os mais movimentados.<\/p>\n\n\n\n<p>Os trabalhos est\u00e3o sendo executados em hor\u00e1rios noturnos para evitar transtornos aos usu\u00e1rios e garantir a efici\u00eancia do servi\u00e7o. Segundo Fernanda Ferreira, outras a\u00e7\u00f5es de limpeza e manuten\u00e7\u00e3o est\u00e3o sendo planejadas para refor\u00e7ar os cuidados com os espa\u00e7os p\u00fablicos do munic\u00edpio.<\/p>\n","protected":false},"excerpt":{"rendered":"<p>A Prefeitura, por meio da Companhia Municipal de Desenvolvimento de Petr\u00f3polis (Comdep) iniciou, na noite de quarta-feira (15), um mutir\u00e3o de lavagem e higieniza\u00e7\u00e3o dos tr\u00eas principais terminais de \u00f4nibus urbano do munic\u00edpio. A a\u00e7\u00e3o come\u00e7ou pelo Terminal Centro e, nesta quinta-feira (16), ser\u00e1 a vez do Terminal de Corr\u00eaas, com os trabalhos come\u00e7ando \u00e0s&hellip;<\/p>\n","protected":false},"author":1,"featured_media":16122,"comment_status":"open","ping_status":"open","sticky":true,"template":"","format":"standard","meta":{"_themeisle_gutenberg_block_has_review":false,"footnotes":""},"categories":[1],"tags":[],"_links":{"self":[{"href":"https:\/\/comdep.com.br\/index.php?rest_route=\/wp\/v2\/posts\/16121"}],"collection":[{"href":"https:\/\/comdep.com.br\/index.php?rest_route=\/wp\/v2\/posts"}],"about":[{"href":"https:\/\/comdep.com.br\/index.php?rest_route=\/wp\/v2\/types\/post"}],"author":[{"embeddable":true,"href":"https:\/\/comdep.com.br\/index.php?rest_route=\/wp\/v2\/users\/1"}],"replies":[{"embeddable":true,"href":"https:\/\/comdep.com.br\/index.php?rest_route=%2Fwp%2Fv2%2Fcomments&post=16121"}],"version-history":[{"count":1,"href":"https:\/\/comdep.com.br\/index.php?rest_route=\/wp\/v2\/posts\/16121\/revisions"}],"predecessor-version":[{"id":16123,"href":"https:\/\/comdep.com.br\/index.php?rest_route=\/wp\/v2\/posts\/16121\/revisions\/16123"}],"wp:featuredmedia":[{"embeddable":true,"href":"https:\/\/comdep.com.br\/index.php?rest_route=\/wp\/v2\/media\/16122"}],"wp:attachment":[{"href":"https:\/\/comdep.com.br\/index.php?rest_route=%2Fwp%2Fv2%2Fmedia&parent=16121"}],"wp:term":[{"taxonomy":"category","embeddable":true,"href":"https:\/\/comdep.com.br\/index.php?rest_route=%2Fwp%2Fv2%2Fcategories&post=16121"},{"taxonomy":"post_tag","embeddable":true,"href":"https:\/\/comdep.com.br\/index.php?rest_route=%2Fwp%2Fv2%2Ftags&post=16121"}],"curies":[{"name":"wp","href":"https:\/\/api.w.org\/{rel}","templated":true}]}}