{"id":16700,"date":"2025-07-04T09:13:32","date_gmt":"2025-07-04T12:13:32","guid":{"rendered":"https:\/\/comdep.com.br\/?p=16700"},"modified":"2025-07-04T09:13:33","modified_gmt":"2025-07-04T12:13:33","slug":"prefeitura-realiza-acao-de-conscientizacao-sobre-descarte-correto-de-residuos-no-centro-historico","status":"publish","type":"post","link":"https:\/\/comdep.com.br\/?p=16700","title":{"rendered":"Prefeitura realiza a\u00e7\u00e3o de conscientiza\u00e7\u00e3o sobre descarte correto de res\u00edduos no Centro Hist\u00f3rico"},"content":{"rendered":"\n<p>Equipes da Companhia Municipal de Desenvolvimento de Petr\u00f3polis (Comdep) realizaram uma a\u00e7\u00e3o de conscientiza\u00e7\u00e3o voltada aos comerciantes do Centro. O objetivo foi refor\u00e7ar a import\u00e2ncia do descarte correto de res\u00edduos, que devem ser colocados nas cal\u00e7adas apenas ap\u00f3s \u00e0s 19h, hor\u00e1rio que coincide com o encerramento do expediente do com\u00e9rcio. A a\u00e7\u00e3o aconteceu nesta sexta-feira (27\/06).<\/p>\n\n\n\n<p>A iniciativa, que percorreu principalmente as ruas do Imperador e 16 de Mar\u00e7o, buscou dialogar diretamente com os lojistas, especialmente com os respons\u00e1veis por bares e restaurantes, que frequentemente colocam os res\u00edduos nas cal\u00e7adas ao longo do dia, comprometendo a limpeza urbana e a apar\u00eancia da cidade.<\/p>\n\n\n\n<p>A abordagem foi feita de forma direta com a distribui\u00e7\u00e3o de panfletos.<\/p>\n\n\n\n<p>Novas a\u00e7\u00f5es educativas como esta ser\u00e3o realizadas em outros pontos da cidade, refor\u00e7ando a import\u00e2ncia da participa\u00e7\u00e3o dos comerciantes.<\/p>\n","protected":false},"excerpt":{"rendered":"<p>Equipes da Companhia Municipal de Desenvolvimento de Petr\u00f3polis (Comdep) realizaram uma a\u00e7\u00e3o de conscientiza\u00e7\u00e3o voltada aos comerciantes do Centro. O objetivo foi refor\u00e7ar a import\u00e2ncia do descarte correto de res\u00edduos, que devem ser colocados nas cal\u00e7adas apenas ap\u00f3s \u00e0s 19h, hor\u00e1rio que coincide com o encerramento do expediente do com\u00e9rcio. A a\u00e7\u00e3o aconteceu nesta sexta-feira&hellip;<\/p>\n","protected":false},"author":1,"featured_media":16701,"comment_status":"open","ping_status":"open","sticky":true,"template":"","format":"standard","meta":{"_themeisle_gutenberg_block_has_review":false,"footnotes":""},"categories":[1],"tags":[],"_links":{"self":[{"href":"https:\/\/comdep.com.br\/index.php?rest_route=\/wp\/v2\/posts\/16700"}],"collection":[{"href":"https:\/\/comdep.com.br\/index.php?rest_route=\/wp\/v2\/posts"}],"about":[{"href":"https:\/\/comdep.com.br\/index.php?rest_route=\/wp\/v2\/types\/post"}],"author":[{"embeddable":true,"href":"https:\/\/comdep.com.br\/index.php?rest_route=\/wp\/v2\/users\/1"}],"replies":[{"embeddable":true,"href":"https:\/\/comdep.com.br\/index.php?rest_route=%2Fwp%2Fv2%2Fcomments&post=16700"}],"version-history":[{"count":1,"href":"https:\/\/comdep.com.br\/index.php?rest_route=\/wp\/v2\/posts\/16700\/revisions"}],"predecessor-version":[{"id":16702,"href":"https:\/\/comdep.com.br\/index.php?rest_route=\/wp\/v2\/posts\/16700\/revisions\/16702"}],"wp:featuredmedia":[{"embeddable":true,"href":"https:\/\/comdep.com.br\/index.php?rest_route=\/wp\/v2\/media\/16701"}],"wp:attachment":[{"href":"https:\/\/comdep.com.br\/index.php?rest_route=%2Fwp%2Fv2%2Fmedia&parent=16700"}],"wp:term":[{"taxonomy":"category","embeddable":true,"href":"https:\/\/comdep.com.br\/index.php?rest_route=%2Fwp%2Fv2%2Fcategories&post=16700"},{"taxonomy":"post_tag","embeddable":true,"href":"https:\/\/comdep.com.br\/index.php?rest_route=%2Fwp%2Fv2%2Ftags&post=16700"}],"curies":[{"name":"wp","href":"https:\/\/api.w.org\/{rel}","templated":true}]}}