{"id":18057,"date":"2025-11-28T08:59:27","date_gmt":"2025-11-28T11:59:27","guid":{"rendered":"https:\/\/comdep.com.br\/?p=18057"},"modified":"2025-11-28T08:59:28","modified_gmt":"2025-11-28T11:59:28","slug":"cei-dra-zilda-arns-neumann-cria-novos-espacos-de-leitura-e-atividades-com-reaproveitamento-de-troncos","status":"publish","type":"post","link":"https:\/\/comdep.com.br\/?p=18057","title":{"rendered":"CEI Dra Zilda Arns Neumann cria novos espa\u00e7os de leitura e atividades com reaproveitamento de troncos"},"content":{"rendered":"\n<p><em>Projeto transforma material de poda em \u00e1reas de conviv\u00eancia, leitura e plantio dentro do ambiente escolar<\/em><\/p>\n\n\n\n<p>O Centro de Educa\u00e7\u00e3o Infantil (CEI) Dra Zilda Arns Neumann iniciou um projeto voltado ao reaproveitamento de materiais gerados ap\u00f3s o servi\u00e7o de poda realizado pela Comdep. A proposta foi desenvolvida pela orientadora \u00c9rica Castilho de Oliveira, que identificou a possibilidade de transformar parte dos troncos em estruturas de uso coletivo.<\/p>\n\n\n\n<p>A iniciativa inclui a forma\u00e7\u00e3o de esta\u00e7\u00f5es de atividades, rodas de leitura ao ar livre e a reorganiza\u00e7\u00e3o da horta. O trabalho surgiu do interesse da equipe em reduzir o volume de res\u00edduos, estimulando pr\u00e1ticas de reciclagem no cotidiano da comunidade escolar. A utiliza\u00e7\u00e3o dos troncos passou a integrar o planejamento pedag\u00f3gico e ampliou as possibilidades de uso do espa\u00e7o externo.<\/p>\n\n\n\n<p>A equipe pedag\u00f3gica preparou os locais destinados \u00e0s atividades, organizando o material remanescente de forma a permitir novos formatos de intera\u00e7\u00e3o. As crian\u00e7as passaram a frequentar os espa\u00e7os em diferentes momentos do dia, participando de pr\u00e1ticas voltadas ao contato com o ambiente natural.<\/p>\n\n\n\n<p>As atividades de leitura foram estruturadas para acolher grupos em momentos de explora\u00e7\u00e3o de textos, conversa e observa\u00e7\u00e3o do ambiente. Os troncos passaram a compor o mobili\u00e1rio utilizado nessas a\u00e7\u00f5es, permitindo novas formas de organiza\u00e7\u00e3o do espa\u00e7o.<\/p>\n\n\n\n<p>A diretora do CEI Zilda Arns Neumann, Gisele Racco, enfatizou que o projeto fortaleceu o envolvimento da comunidade.<\/p>\n\n\n\n<p>\u201cA participa\u00e7\u00e3o de profissionais e estudantes criou um processo de constru\u00e7\u00e3o conjunta que ampliou o uso dos espa\u00e7os externos\u201d, destacou.<\/p>\n","protected":false},"excerpt":{"rendered":"<p>Projeto transforma material de poda em \u00e1reas de conviv\u00eancia, leitura e plantio dentro do ambiente escolar O Centro de Educa\u00e7\u00e3o Infantil (CEI) Dra Zilda Arns Neumann iniciou um projeto voltado ao reaproveitamento de materiais gerados ap\u00f3s o servi\u00e7o de poda realizado pela Comdep. A proposta foi desenvolvida pela orientadora \u00c9rica Castilho de Oliveira, que identificou&hellip;<\/p>\n","protected":false},"author":1,"featured_media":18058,"comment_status":"open","ping_status":"open","sticky":true,"template":"","format":"standard","meta":{"_themeisle_gutenberg_block_has_review":false,"footnotes":""},"categories":[1],"tags":[],"_links":{"self":[{"href":"https:\/\/comdep.com.br\/index.php?rest_route=\/wp\/v2\/posts\/18057"}],"collection":[{"href":"https:\/\/comdep.com.br\/index.php?rest_route=\/wp\/v2\/posts"}],"about":[{"href":"https:\/\/comdep.com.br\/index.php?rest_route=\/wp\/v2\/types\/post"}],"author":[{"embeddable":true,"href":"https:\/\/comdep.com.br\/index.php?rest_route=\/wp\/v2\/users\/1"}],"replies":[{"embeddable":true,"href":"https:\/\/comdep.com.br\/index.php?rest_route=%2Fwp%2Fv2%2Fcomments&post=18057"}],"version-history":[{"count":1,"href":"https:\/\/comdep.com.br\/index.php?rest_route=\/wp\/v2\/posts\/18057\/revisions"}],"predecessor-version":[{"id":18059,"href":"https:\/\/comdep.com.br\/index.php?rest_route=\/wp\/v2\/posts\/18057\/revisions\/18059"}],"wp:featuredmedia":[{"embeddable":true,"href":"https:\/\/comdep.com.br\/index.php?rest_route=\/wp\/v2\/media\/18058"}],"wp:attachment":[{"href":"https:\/\/comdep.com.br\/index.php?rest_route=%2Fwp%2Fv2%2Fmedia&parent=18057"}],"wp:term":[{"taxonomy":"category","embeddable":true,"href":"https:\/\/comdep.com.br\/index.php?rest_route=%2Fwp%2Fv2%2Fcategories&post=18057"},{"taxonomy":"post_tag","embeddable":true,"href":"https:\/\/comdep.com.br\/index.php?rest_route=%2Fwp%2Fv2%2Ftags&post=18057"}],"curies":[{"name":"wp","href":"https:\/\/api.w.org\/{rel}","templated":true}]}}