{"id":1853,"date":"2019-11-07T17:02:54","date_gmt":"2019-11-07T20:02:54","guid":{"rendered":"http:\/\/comdep.com.br\/?p=1853"},"modified":"2019-11-26T11:23:20","modified_gmt":"2019-11-26T14:23:20","slug":"comdep-trabalhando-hoje-07-112019-nos-seguintes-locais","status":"publish","type":"post","link":"https:\/\/comdep.com.br\/?p=1853","title":{"rendered":"COMDEP trabalhando hoje 07\/112019 nos seguintes locais:"},"content":{"rendered":"<p style=\"text-align: justify;\"><strong>Distrito<\/strong><\/p>\n<p style=\"text-align: justify;\"><strong>Ro\u00e7ada e capina<\/strong>: continua\u00e7\u00e3o Nogueiras, Rua Braz Rossi, Cear\u00e1, S\u00e3o Paulo *<\/p>\n<p style=\"text-align: justify;\"><strong>M\u00e1quina e caminh\u00f5es<\/strong>: continua\u00e7\u00e3o Rua Chile, Lago de Nogueiras, Coletora Castelo S\u00e3o Manoel rua Visconde de Taunay \u00a0*<\/p>\n<p style=\"text-align: justify;\"><strong>Varri\u00e7\u00e3o di\u00e1ria<\/strong>: Corr\u00eaas, Nogueiras, Araras, Itaipava, Madame Machado, Vila Rica, Pedro do Rio, Secret\u00e1rio *<\/p>\n<p style=\"text-align: justify;\"><strong>Diretoria Operacional<\/strong><\/p>\n<p style=\"text-align: justify;\"><strong>Varri\u00e7\u00e3o<\/strong>: Centro, Centro Hist\u00f3rico, pra\u00e7a da liberdade, Roberto da Silveira 7 de Abril, Carlos Gomes, Mosela e Pedras Brancas *<\/p>\n<p style=\"text-align: justify;\"><strong>Caminh\u00e3o (C55) Pipa lavagem<\/strong>: Centro, Centro Hist\u00f3rico, pra\u00e7a Alcindo Sodr\u00e9, atr\u00e1s da banca de jornal ap\u00f3s lavando o chafariz da pra\u00e7a de Nogueira *<\/p>\n<p style=\"text-align: justify;\"><strong>Varri\u00e7\u00e3o<\/strong>: feira livre da pra\u00e7a Pasteur *<\/p>\n<p style=\"text-align: justify;\"><strong>Caminh\u00e3o (C20)<\/strong>: Em manuten\u00e7\u00e3o na garagem *<\/p>\n<p style=\"text-align: justify;\"><strong>Limpeza de rio:<\/strong> Washington Luiz \u00a0*<\/p>\n<p style=\"text-align: justify;\"><strong>Capina<\/strong>: General Rondon, Rua Sete de Abril, Sargento Boening, 24 de Maio, Quarteir\u00e3o Ingelheim (Bob Cat), Bar\u00e3o do Rio Branco, Otto Reymarus, Bingen, Sim\u00e3o Bol\u00edvar, Rua Jos\u00e9 Bonif\u00e1cio, Quarteir\u00e3o Brasileiro, Av. Portugal, Jo\u00e3o Xavier, Rua Bartolomeu Sodr\u00e9, S\u00e3o Sebasti\u00e3o \u00a0*<\/p>\n<p style=\"text-align: justify;\"><strong>Ro\u00e7ada<\/strong>: Campo do Carrapat\u00e3o (Mosela), Av. Imperatriz, Rua Loio Gallucci \u00a0*<\/p>\n<p style=\"text-align: justify;\"><strong>M\u00e1quinas e caminh\u00f5es<\/strong>: Independ\u00eancia, S\u00e3o Sebasti\u00e3o, Sim\u00e9ria, Olavo Bilac, Crist\u00f3v\u00e3o Colombo, Saldanha Marinho, Ang\u00e9lica Lopes de Castro, Joaquim Gomensoro, Vila S\u00e3o Jos\u00e9 \u00a0*<\/p>\n<p style=\"text-align: justify;\"><strong>Caminh\u00e3o Poli Guindaste<\/strong>: Independ\u00eancia *<\/p>\n<p style=\"text-align: justify;\"><strong>Caminh\u00e3o D 08<\/strong>: General Rondon, Quitandinha, Coronel Veiga, Washington Luiz, Centro Hist\u00f3rico, Piabanha, Bingen, Bar\u00e3o do Rio Branco, Dr. S\u00e1 Earp, Morim e Turmas *<\/p>\n<p style=\"text-align: justify;\">Altera\u00e7\u00e3o na programa\u00e7\u00e3o de de servi\u00e7os de hoje devido a chuva Capina e Ro\u00e7ada: Prado (Corr\u00eaas), Humberto Rovigatti, Loteamento Samambaia, Rua Antero Silva (MP) *<\/p>\n<p style=\"text-align: justify;\"><strong>Parques e Jardins<\/strong><\/p>\n<p style=\"text-align: justify;\"><strong>Corte de grama<\/strong>: Bingen, Piabanha, Av. Imperatriz *<\/p>\n<p style=\"text-align: justify;\"><strong>Corte de \u00e1rvores<\/strong>: Carangola Caititu *<\/p>\n<p style=\"text-align: justify;\"><strong>Limpeza de jardins<\/strong>: Estufa do Bingen, Bosque do Imperador, Pronto Socorro Nelson S\u00e1 Earp *<\/p>\n<p style=\"text-align: justify;\"><strong>Kombi C 97<\/strong>: Centro Hist\u00f3rico e turmas *<\/p>\n<p style=\"text-align: justify;\"><strong>Diretoria de Obras<\/strong><\/p>\n<p style=\"text-align: justify;\"><strong>Obs<\/strong>. Quinta-feira, 07 de Novembro, vistoria no caminh\u00e3o G-17, Duque de Caxias, Vila Militar, \u00e0s 08: hs *<\/p>\n<p style=\"text-align: justify;\"><strong>Obras<\/strong>: Pal\u00e1cio de Cristal (montagem do Natal Imperial) *<\/p>\n<p style=\"text-align: justify;\"><strong>Pintura<\/strong>: Cascatinha (continua\u00e7\u00e3o),Santa Rita, Buj\u00e3o (Bela Vista) continua\u00e7\u00e3o *<\/p>\n<p style=\"text-align: justify;\"><strong>Carpintaria<\/strong>: Pal\u00e1cio de Cristal (montagem do Natal Imperial) *<\/p>\n<p style=\"text-align: justify;\"><strong>Eletricista<\/strong>: Lavar lago do chafariz de Nogueira com apoio do vacol e Manuten\u00e7\u00e3o em chafarizes do Centro Hist\u00f3rico *<\/p>\n<p style=\"text-align: justify;\"><strong>Serralheria<\/strong>: Confec\u00e7\u00e3o de cestas de coletoras, manuten\u00e7\u00e3o em corrim\u00e3o na Rua Glauce Rocha, bairro Independ\u00eancia *<\/p>\n<p style=\"text-align: justify;\"><strong>Capina e ro\u00e7ada<\/strong>: Cascatinha (continua\u00e7\u00e3o) *<\/p>\n<p style=\"text-align: justify;\"><strong>Capina e limpeza de ralos<\/strong>: Domingos de Andrade Bastos (continua\u00e7\u00e3o) *<\/p>\n<p style=\"text-align: justify;\"><strong>Capina e limpeza de ralo<\/strong>s: Rua S\u00e3o Pedro de Alc\u00e2ntara (Catedral) *<\/p>\n","protected":false},"excerpt":{"rendered":"<p>Distrito Ro\u00e7ada e capina: continua\u00e7\u00e3o Nogueiras, Rua Braz Rossi, Cear\u00e1, S\u00e3o Paulo * M\u00e1quina e caminh\u00f5es: continua\u00e7\u00e3o Rua Chile, Lago de Nogueiras, Coletora Castelo S\u00e3o Manoel rua Visconde de Taunay \u00a0* Varri\u00e7\u00e3o di\u00e1ria: Corr\u00eaas, Nogueiras, Araras, Itaipava, Madame Machado, Vila Rica, Pedro do Rio, Secret\u00e1rio * Diretoria Operacional Varri\u00e7\u00e3o: Centro, Centro Hist\u00f3rico, pra\u00e7a da liberdade,&hellip;<\/p>\n","protected":false},"author":1,"featured_media":1854,"comment_status":"closed","ping_status":"closed","sticky":false,"template":"","format":"standard","meta":{"_themeisle_gutenberg_block_has_review":false,"footnotes":""},"categories":[1],"tags":[],"_links":{"self":[{"href":"https:\/\/comdep.com.br\/index.php?rest_route=\/wp\/v2\/posts\/1853"}],"collection":[{"href":"https:\/\/comdep.com.br\/index.php?rest_route=\/wp\/v2\/posts"}],"about":[{"href":"https:\/\/comdep.com.br\/index.php?rest_route=\/wp\/v2\/types\/post"}],"author":[{"embeddable":true,"href":"https:\/\/comdep.com.br\/index.php?rest_route=\/wp\/v2\/users\/1"}],"replies":[{"embeddable":true,"href":"https:\/\/comdep.com.br\/index.php?rest_route=%2Fwp%2Fv2%2Fcomments&post=1853"}],"version-history":[{"count":1,"href":"https:\/\/comdep.com.br\/index.php?rest_route=\/wp\/v2\/posts\/1853\/revisions"}],"predecessor-version":[{"id":1855,"href":"https:\/\/comdep.com.br\/index.php?rest_route=\/wp\/v2\/posts\/1853\/revisions\/1855"}],"wp:featuredmedia":[{"embeddable":true,"href":"https:\/\/comdep.com.br\/index.php?rest_route=\/wp\/v2\/media\/1854"}],"wp:attachment":[{"href":"https:\/\/comdep.com.br\/index.php?rest_route=%2Fwp%2Fv2%2Fmedia&parent=1853"}],"wp:term":[{"taxonomy":"category","embeddable":true,"href":"https:\/\/comdep.com.br\/index.php?rest_route=%2Fwp%2Fv2%2Fcategories&post=1853"},{"taxonomy":"post_tag","embeddable":true,"href":"https:\/\/comdep.com.br\/index.php?rest_route=%2Fwp%2Fv2%2Ftags&post=1853"}],"curies":[{"name":"wp","href":"https:\/\/api.w.org\/{rel}","templated":true}]}}