{"id":18572,"date":"2026-01-29T09:07:33","date_gmt":"2026-01-29T12:07:33","guid":{"rendered":"https:\/\/comdep.com.br\/?p=18572"},"modified":"2026-01-29T09:07:34","modified_gmt":"2026-01-29T12:07:34","slug":"prefeitura-leva-acoes-de-cuidado-emocional-aos-trabalhadores","status":"publish","type":"post","link":"https:\/\/comdep.com.br\/?p=18572","title":{"rendered":"Prefeitura leva a\u00e7\u00f5es de cuidado emocional aos trabalhadores"},"content":{"rendered":"\n<p>A Prefeitura realizou uma a\u00e7\u00e3o voltada \u00e0 promo\u00e7\u00e3o da sa\u00fade mental dos trabalhadores da Comdep, dentro da programa\u00e7\u00e3o do Janeiro Branco, campanha nacional de conscientiza\u00e7\u00e3o sobre o cuidado com a sa\u00fade emocional. A iniciativa foi desenvolvida por meio de uma parceria entre a Comdep e a Secretaria Municipal de Sa\u00fade, com a realiza\u00e7\u00e3o de palestras conduzidas por profissional da rede p\u00fablica, refor\u00e7ando a import\u00e2ncia do acolhimento, da escuta e do cuidado com quem atua diariamente nos servi\u00e7os essenciais do munic\u00edpio.<\/p>\n\n\n\n<p>A primeira palestra aconteceu na quarta-feira (21\/01), na Ag\u00eancia Regional de Pedro do Rio, com o objetivo de alcan\u00e7ar os funcion\u00e1rios da Companhia que atuam na regi\u00e3o dos distritos.<\/p>\n\n\n\n<p>J\u00e1 na manh\u00e3 desta quinta-feira (22\/01), a atividade foi realizada na sede da empresa, no Quitandinha, ampliando o alcance da a\u00e7\u00e3o entre os trabalhadores. \u201cA programa\u00e7\u00e3o faz parte de um conjunto de iniciativas voltadas \u00e0 valoriza\u00e7\u00e3o dos profissionais e ao fortalecimento de ambientes de trabalho mais saud\u00e1veis, com aten\u00e7\u00e3o especial \u00e0 sa\u00fade mental e emocional\u201d, concluiu o secret\u00e1rio de Sa\u00fade, Alo\u00edsio Barbosa.<\/p>\n","protected":false},"excerpt":{"rendered":"<p>A Prefeitura realizou uma a\u00e7\u00e3o voltada \u00e0 promo\u00e7\u00e3o da sa\u00fade mental dos trabalhadores da Comdep, dentro da programa\u00e7\u00e3o do Janeiro Branco, campanha nacional de conscientiza\u00e7\u00e3o sobre o cuidado com a sa\u00fade emocional. A iniciativa foi desenvolvida por meio de uma parceria entre a Comdep e a Secretaria Municipal de Sa\u00fade, com a realiza\u00e7\u00e3o de palestras&hellip;<\/p>\n","protected":false},"author":1,"featured_media":18573,"comment_status":"open","ping_status":"open","sticky":true,"template":"","format":"standard","meta":{"_themeisle_gutenberg_block_has_review":false,"footnotes":""},"categories":[1],"tags":[],"_links":{"self":[{"href":"https:\/\/comdep.com.br\/index.php?rest_route=\/wp\/v2\/posts\/18572"}],"collection":[{"href":"https:\/\/comdep.com.br\/index.php?rest_route=\/wp\/v2\/posts"}],"about":[{"href":"https:\/\/comdep.com.br\/index.php?rest_route=\/wp\/v2\/types\/post"}],"author":[{"embeddable":true,"href":"https:\/\/comdep.com.br\/index.php?rest_route=\/wp\/v2\/users\/1"}],"replies":[{"embeddable":true,"href":"https:\/\/comdep.com.br\/index.php?rest_route=%2Fwp%2Fv2%2Fcomments&post=18572"}],"version-history":[{"count":1,"href":"https:\/\/comdep.com.br\/index.php?rest_route=\/wp\/v2\/posts\/18572\/revisions"}],"predecessor-version":[{"id":18574,"href":"https:\/\/comdep.com.br\/index.php?rest_route=\/wp\/v2\/posts\/18572\/revisions\/18574"}],"wp:featuredmedia":[{"embeddable":true,"href":"https:\/\/comdep.com.br\/index.php?rest_route=\/wp\/v2\/media\/18573"}],"wp:attachment":[{"href":"https:\/\/comdep.com.br\/index.php?rest_route=%2Fwp%2Fv2%2Fmedia&parent=18572"}],"wp:term":[{"taxonomy":"category","embeddable":true,"href":"https:\/\/comdep.com.br\/index.php?rest_route=%2Fwp%2Fv2%2Fcategories&post=18572"},{"taxonomy":"post_tag","embeddable":true,"href":"https:\/\/comdep.com.br\/index.php?rest_route=%2Fwp%2Fv2%2Ftags&post=18572"}],"curies":[{"name":"wp","href":"https:\/\/api.w.org\/{rel}","templated":true}]}}