{"id":1939,"date":"2019-11-12T13:01:05","date_gmt":"2019-11-12T16:01:05","guid":{"rendered":"http:\/\/comdep.com.br\/?p=1939"},"modified":"2019-11-26T11:22:44","modified_gmt":"2019-11-26T14:22:44","slug":"comdep-trabalhando-hoje-12-11-2019-nos-seguintes-locais","status":"publish","type":"post","link":"https:\/\/comdep.com.br\/?p=1939","title":{"rendered":"COMDEP trabalhando hoje 12\/11\/2019 nos seguintes locais:"},"content":{"rendered":"<p style=\"text-align: justify;\"><strong>Distrito<\/strong><\/p>\n<p style=\"text-align: justify;\"><strong>Ro\u00e7ada e capina<\/strong>: Parque de Exposi\u00e7\u00e3o &nbsp;*<\/p>\n<p style=\"text-align: justify;\"><strong>Varri\u00e7\u00e3o di\u00e1ria:<\/strong> Corr\u00eaas, Nogueiras, Araras, Itaipava, Madame Machado, Vila Rica, Pedro do Rio, Secret\u00e1rio &nbsp;*<\/p>\n<p style=\"text-align: justify;\"><strong>M\u00e1quina<\/strong> paralisada, caminh\u00e3o recolhendo sacos em Itaipava e Nogueiras *<\/p>\n<p style=\"text-align: justify;\"><strong>Diretoria Operacional<\/strong><\/p>\n<p style=\"text-align: justify;\"><strong>Limpeza de rio<\/strong>: Washington Luiz &nbsp;*<\/p>\n<p style=\"text-align: justify;\"><strong>Capina<\/strong>: Av. Ayrton Senna,&nbsp; 7 de Abril,&nbsp; Sargento Boening,&nbsp; 24 de Maio,&nbsp; Quarteir\u00e3o Ingelheim (Bob Cat),&nbsp; Bar\u00e3o do Rio Branco,&nbsp; Otto Reymarus,&nbsp; Bingen,&nbsp; Gon\u00e7alves Dias,&nbsp; Sim\u00e3o Bol\u00edvar,&nbsp; Manoel Torres,&nbsp; Quarteir\u00e3o Brasileiro,&nbsp; Rua Marques do Paran\u00e1,&nbsp; rua M\u00e1rio Gelli,&nbsp; Rua Fl\u00e1vio Cavalcante,&nbsp; S\u00e3o Sebasti\u00e3o &nbsp;*<\/p>\n<p style=\"text-align: justify;\"><strong>Ro\u00e7ada<\/strong>: Souza Franco,&nbsp; Av. Imperatriz,&nbsp; Lopes Trov\u00e3o &nbsp;*<\/p>\n<p style=\"text-align: justify;\"><strong>M\u00e1quinas e Caminh\u00f5es:<\/strong> Sim\u00e9ria, Ch\u00e1cara Flora,&nbsp; Vila Felipe,&nbsp; Lopes Trov\u00e3o,&nbsp; Alfredo Schilick,&nbsp; Vale dos Esquilos,&nbsp; At\u00edlio Maroti &nbsp;*<\/p>\n<p style=\"text-align: justify;\"><strong>Caminh\u00e3o Poli Guindaste:<\/strong> Independ\u00eancia,&nbsp; Quarteir\u00e3o Ingelheim &nbsp;*<\/p>\n<p style=\"text-align: justify;\"><strong>Caminh\u00e3o D 08:<\/strong> General Rondon,&nbsp; Quitandinha,&nbsp; Coronel Veiga,&nbsp; Washington Luiz,&nbsp; Centro Hist\u00f3rico,&nbsp; Piabanha,&nbsp; Bingen,&nbsp; Bar\u00e3o do Rio Branco,&nbsp; Dr. S\u00e1 Earp,&nbsp; Morim,&nbsp; Olavo Bilac e Turmas *<\/p>\n<p style=\"text-align: justify;\"><strong>Varri\u00e7\u00e3o<\/strong>: Quitandinha,&nbsp; Valpara\u00edso,&nbsp; Castel\u00e2nea,&nbsp; pra\u00e7a Pasteur,&nbsp; Euclides da Cunha,&nbsp; Alto da Serra,&nbsp; Morim e Centro *<\/p>\n<p style=\"text-align: justify;\"><strong>Caminh\u00e3o (C55) Pipa lavagem<\/strong>: Centro,&nbsp; Centro Hist\u00f3rico,&nbsp; pra\u00e7a Alcindo Sodr\u00e9, atr\u00e1s da banca de jornal,&nbsp; ap\u00f3s verificando o chafariz da Pra\u00e7a do Bosque *<\/p>\n<p style=\"text-align: justify;\"><strong>Caminh\u00e3o (C20)<\/strong>: Em manuten\u00e7\u00e3o na garagem *<\/p>\n<p style=\"text-align: justify;\"><strong>Varri\u00e7\u00e3o<\/strong>: feira livre do Centro *<\/p>\n<p style=\"text-align: justify;\"><strong>(03) funcion\u00e1rios<\/strong> trabalhando na feira livre do Centro, na retirada de res\u00edduos debaixo das bancas *<\/p>\n<p style=\"text-align: justify;\"><strong>Caminh\u00e3o (55) Pipa lavagem<\/strong>: Escadaria dos Correios (Centro) *<\/p>\n<p style=\"text-align: justify;\"><strong>Parques e Jardins<\/strong><\/p>\n<p style=\"text-align: justify;\"><strong>Parte da manh\u00e3<\/strong> palestra com o SESMT na Comdep *<\/p>\n<p style=\"text-align: justify;\"><strong>Corte de grama:<\/strong> Avenida Ayrton Senna e Albino Siqueira &nbsp;*<\/p>\n<p style=\"text-align: justify;\"><strong>Limpeza de Jardins:<\/strong> Avenida Ayrton Senna e General Rondon *<\/p>\n<p style=\"text-align: justify;\"><strong>Corte de \u00e1rvores:<\/strong> Secret\u00e1rio *<\/p>\n<p style=\"text-align: justify;\"><strong>Kombi C 97:<\/strong> Centro hist\u00f3rico e turmas *<\/p>\n<p style=\"text-align: justify;\"><strong>Caminh\u00e3o C 21<\/strong>: Centro hist\u00f3rico e turmas *<\/p>\n<p style=\"text-align: justify;\"><strong>Diretoria de Obras<\/strong><\/p>\n<p style=\"text-align: justify;\"><strong>Obras:<\/strong> pal\u00e1cio de cristal (natal imperial) e reparo em muro nas Duchas &nbsp;*<\/p>\n<p style=\"text-align: justify;\"><strong>Pintura<\/strong>: continua\u00e7\u00e3o de limpeza nos balaustres da Washington Lu\u00eds e pintura nos corrim\u00e3os da Rua Bernardo Proen\u00e7a e pra\u00e7a do Itamarati *<\/p>\n<p style=\"text-align: justify;\"><strong>Serralheria<\/strong>: montagem de cestas coletoras na cia *<\/p>\n<p style=\"text-align: justify;\"><strong>Capina<\/strong>: continua\u00e7\u00e3o do Centro Hist\u00f3rico e Nova Cascatinha *<\/p>\n<p style=\"text-align: justify;\"><strong>Altera\u00e7\u00e3o<\/strong> na programa\u00e7\u00e3o de hoje,&nbsp; em alguns pontos devido \u00e0 chuva &nbsp;*<\/p>\n<p style=\"text-align: justify;\"><strong>Limpeza de extravasor<\/strong>: Corr\u00eaas (Prado) &nbsp;*<\/p>\n<p style=\"text-align: justify;\"><strong>Capina<\/strong>: Humberto Rovigatti,&nbsp; Loteamento Samambaia,&nbsp; Prado (Corr\u00eaas),&nbsp; Rua abade Palma &nbsp;&nbsp;*<\/p>\n<p style=\"text-align: justify;\"><strong>Ro\u00e7ada<\/strong>: Vale dos Esquilos &nbsp;*<\/p>\n","protected":false},"excerpt":{"rendered":"<p>Distrito Ro\u00e7ada e capina: Parque de Exposi\u00e7\u00e3o &nbsp;* Varri\u00e7\u00e3o di\u00e1ria: Corr\u00eaas, Nogueiras, Araras, Itaipava, Madame Machado, Vila Rica, Pedro do Rio, Secret\u00e1rio &nbsp;* M\u00e1quina paralisada, caminh\u00e3o recolhendo sacos em Itaipava e Nogueiras * Diretoria Operacional Limpeza de rio: Washington Luiz &nbsp;* Capina: Av. Ayrton Senna,&nbsp; 7 de Abril,&nbsp; Sargento Boening,&nbsp; 24 de Maio,&nbsp; Quarteir\u00e3o Ingelheim&hellip;<\/p>\n","protected":false},"author":1,"featured_media":1941,"comment_status":"closed","ping_status":"closed","sticky":false,"template":"","format":"standard","meta":{"_themeisle_gutenberg_block_has_review":false,"footnotes":""},"categories":[1],"tags":[],"_links":{"self":[{"href":"https:\/\/comdep.com.br\/index.php?rest_route=\/wp\/v2\/posts\/1939"}],"collection":[{"href":"https:\/\/comdep.com.br\/index.php?rest_route=\/wp\/v2\/posts"}],"about":[{"href":"https:\/\/comdep.com.br\/index.php?rest_route=\/wp\/v2\/types\/post"}],"author":[{"embeddable":true,"href":"https:\/\/comdep.com.br\/index.php?rest_route=\/wp\/v2\/users\/1"}],"replies":[{"embeddable":true,"href":"https:\/\/comdep.com.br\/index.php?rest_route=%2Fwp%2Fv2%2Fcomments&post=1939"}],"version-history":[{"count":2,"href":"https:\/\/comdep.com.br\/index.php?rest_route=\/wp\/v2\/posts\/1939\/revisions"}],"predecessor-version":[{"id":1942,"href":"https:\/\/comdep.com.br\/index.php?rest_route=\/wp\/v2\/posts\/1939\/revisions\/1942"}],"wp:featuredmedia":[{"embeddable":true,"href":"https:\/\/comdep.com.br\/index.php?rest_route=\/wp\/v2\/media\/1941"}],"wp:attachment":[{"href":"https:\/\/comdep.com.br\/index.php?rest_route=%2Fwp%2Fv2%2Fmedia&parent=1939"}],"wp:term":[{"taxonomy":"category","embeddable":true,"href":"https:\/\/comdep.com.br\/index.php?rest_route=%2Fwp%2Fv2%2Fcategories&post=1939"},{"taxonomy":"post_tag","embeddable":true,"href":"https:\/\/comdep.com.br\/index.php?rest_route=%2Fwp%2Fv2%2Ftags&post=1939"}],"curies":[{"name":"wp","href":"https:\/\/api.w.org\/{rel}","templated":true}]}}