{"id":2006,"date":"2019-11-25T10:50:04","date_gmt":"2019-11-25T13:50:04","guid":{"rendered":"http:\/\/comdep.com.br\/?p=2006"},"modified":"2019-11-26T23:00:25","modified_gmt":"2019-11-27T02:00:25","slug":"comdep-trabalhando-hoje-25-11-2019-nos-seguintes-locais","status":"publish","type":"post","link":"https:\/\/comdep.com.br\/?p=2006","title":{"rendered":"COMDEP trabalhando hoje 25\/11\/2019 nos seguintes locais:"},"content":{"rendered":"<p><strong>Distrito<\/strong><\/p>\n<p><strong>Ro\u00e7ada e capina<\/strong>: continua\u00e7\u00e3o Estrada Ministro Salgado Filho Cuiab\u00e1 *<\/p>\n<p><strong>M\u00e1quina e caminh\u00f5es<\/strong>: Estrada das Arcas, Vargem dos Marmelos *<\/p>\n<p><strong>Varri\u00e7\u00e3o di\u00e1ria<\/strong>: Corr\u00eaas, Nogueiras, Araras, Itaipava, Madame Machado, Vila Rica, Pedro do Rio, Secret\u00e1rio *<\/p>\n<p><strong>Diretoria Operacional<\/strong><\/p>\n<p><strong>Varri\u00e7\u00e3o<\/strong>: Euclides da Cunha, Pra\u00e7a Pasteur, Pra\u00e7a Catulo, Castel\u00e2nea, 1\u00b0 de maio, Alto da Serra, Morin, Centro, Centro Hist\u00f3rico e Pal\u00e1cio de Cristal *<\/p>\n<p><strong>Caminh\u00e3o (C55) Pipa lavagem<\/strong>: Centro, Centro Hist\u00f3rico, Pra\u00e7a Alcindo Sodr\u00e9 atr\u00e1s da banca de jornal, ap\u00f3s verificando o chafariz da Pra\u00e7a de Cascatinha *<\/p>\n<p><strong>Caminh\u00e3o (G17) recolhimento de sacos de varri\u00e7\u00e3o<\/strong>: Quitandinha, coronel Veiga, Centro, Centro Hist\u00f3rico *<\/p>\n<p><strong>Limpeza de rio<\/strong>: Av. Imperatriz, Souza Franco &nbsp;*<\/p>\n<p><strong>Capina<\/strong>: Dr. S\u00e1 Earp, General Os\u00f3rio, Sargento Boening, Lusitano, Marechal Hermes (Bob Cat), Batista da Costa, Alagoas, Henrique Rafard, Visconde de Itabora\u00ed, Manoel Torres, Rua Jo\u00e3o de Deus, Sim\u00e3o Bol\u00edvar, Duarte da Silveira, Casemiro de Abreu, Floresta (escadaria), Servid\u00e3o Pedro Jos\u00e9 Stunf (C. Paladino) *<\/p>\n<p><strong>Ro\u00e7ada<\/strong>: Coronel Veiga, Marciano Magalh\u00e3es &nbsp;*<\/p>\n<p><strong>M\u00e1quinas e caminh\u00f5es<\/strong>: Quarteir\u00e3o Brasileiro, Olavo Bilac, Crist\u00f3v\u00e3o Colombo, Cardoso Fontes, Albino Siqueira, Alfredo Schilick, Dom Jo\u00e3o Braga, Osvero do Carmo Vila\u00e7a &nbsp;*<\/p>\n<p><strong>Poli Guindaste<\/strong>: Independ\u00eancia &nbsp;*<\/p>\n<p><strong>Caminh\u00e3o D 08<\/strong>: General, Quitandinha, Coronel Veiga, Washington Luiz, Centro Hist\u00f3rico, Piabanha, Bar\u00e3o do Rio Branco, Dr. S\u00e1 Earp, Morim e Turmas *<\/p>\n<p><strong>Parques e Jardins<\/strong><\/p>\n<p><strong>Corte de grama<\/strong>: Morin, Crist\u00f3v\u00e3o Colombo, Centro Hist\u00f3rico *<\/p>\n<p><strong>Corte de \u00e1rvores<\/strong>: Morin *<\/p>\n<p><strong>Limpeza de Jardins<\/strong>: Crist\u00f3v\u00e3o Colombo *<\/p>\n<p><strong>Caminh\u00e3o C 21<\/strong>: Get\u00falio Vargas, Centro Hist\u00f3rico *<\/p>\n<p><strong>Kombi C 97<\/strong>: Centro Hist\u00f3rico e turmas *<\/p>\n<p><strong>Diretoria de obras<\/strong><\/p>\n<p><strong>Obras<\/strong>: constru\u00e7\u00e3o de uma base de 2 metros na Rua Antonio da Silva Ligeiro, antes da quadra (Independ\u00eancia), constru\u00e7\u00e3o de uma base de 3 metros na entrada da rua \u201c o\u201d no bairro Independ\u00eancia, recupera\u00e7\u00e3o do muro do horto do Bingen, Pra\u00e7a Stefan Zweig (instala\u00e7\u00e3o de 4 bancos), recupera\u00e7\u00e3o de canteiro em frente ao Extra da Rua Teresa *<\/p>\n<p><strong>Carpintaria<\/strong>: reforma e confec\u00e7\u00e3o de bancos e pe\u00e7as de parques e Pra\u00e7as, vistoria na Pra\u00e7a da Liberdade *<\/p>\n<p><strong>El\u00e9trica<\/strong>: manuten\u00e7\u00e3o em chafarizes do Centro Hist\u00f3rico, desmontar festa Igreja Nossa Senhora das Gra\u00e7as (Jo\u00e3o de Deus), muro na Duchas *<\/p>\n<p><strong>Pintura<\/strong>: trevo da Dr. Nelson Sa Earp e Washington Luiz *<\/p>\n<p><strong>Serralheria<\/strong>: confec\u00e7\u00e3o de cestas de coletoras na cia *<\/p>\n<p><strong>Capina e ro\u00e7ada<\/strong>: Rua Ana Neri e Luiz Salom\u00e3o Viana *<\/p>\n<p><strong>Capina e limpeza de ralos<\/strong>: Avenida Koeller e Rua Do Imperador (Conserva Centro) *<\/p>\n","protected":false},"excerpt":{"rendered":"<p>Distrito Ro\u00e7ada e capina: continua\u00e7\u00e3o Estrada Ministro Salgado Filho Cuiab\u00e1 * M\u00e1quina e caminh\u00f5es: Estrada das Arcas, Vargem dos Marmelos * Varri\u00e7\u00e3o di\u00e1ria: Corr\u00eaas, Nogueiras, Araras, Itaipava, Madame Machado, Vila Rica, Pedro do Rio, Secret\u00e1rio * Diretoria Operacional Varri\u00e7\u00e3o: Euclides da Cunha, Pra\u00e7a Pasteur, Pra\u00e7a Catulo, Castel\u00e2nea, 1\u00b0 de maio, Alto da Serra, Morin, Centro,&hellip;<\/p>\n","protected":false},"author":1,"featured_media":2005,"comment_status":"closed","ping_status":"closed","sticky":false,"template":"","format":"standard","meta":{"_themeisle_gutenberg_block_has_review":false,"footnotes":""},"categories":[1],"tags":[],"_links":{"self":[{"href":"https:\/\/comdep.com.br\/index.php?rest_route=\/wp\/v2\/posts\/2006"}],"collection":[{"href":"https:\/\/comdep.com.br\/index.php?rest_route=\/wp\/v2\/posts"}],"about":[{"href":"https:\/\/comdep.com.br\/index.php?rest_route=\/wp\/v2\/types\/post"}],"author":[{"embeddable":true,"href":"https:\/\/comdep.com.br\/index.php?rest_route=\/wp\/v2\/users\/1"}],"replies":[{"embeddable":true,"href":"https:\/\/comdep.com.br\/index.php?rest_route=%2Fwp%2Fv2%2Fcomments&post=2006"}],"version-history":[{"count":2,"href":"https:\/\/comdep.com.br\/index.php?rest_route=\/wp\/v2\/posts\/2006\/revisions"}],"predecessor-version":[{"id":2008,"href":"https:\/\/comdep.com.br\/index.php?rest_route=\/wp\/v2\/posts\/2006\/revisions\/2008"}],"wp:featuredmedia":[{"embeddable":true,"href":"https:\/\/comdep.com.br\/index.php?rest_route=\/wp\/v2\/media\/2005"}],"wp:attachment":[{"href":"https:\/\/comdep.com.br\/index.php?rest_route=%2Fwp%2Fv2%2Fmedia&parent=2006"}],"wp:term":[{"taxonomy":"category","embeddable":true,"href":"https:\/\/comdep.com.br\/index.php?rest_route=%2Fwp%2Fv2%2Fcategories&post=2006"},{"taxonomy":"post_tag","embeddable":true,"href":"https:\/\/comdep.com.br\/index.php?rest_route=%2Fwp%2Fv2%2Ftags&post=2006"}],"curies":[{"name":"wp","href":"https:\/\/api.w.org\/{rel}","templated":true}]}}