{"id":20099,"date":"2026-08-31T16:09:22","date_gmt":"2026-08-31T19:09:22","guid":{"rendered":"https:\/\/comdep.com.br\/?p=20099"},"modified":"2026-08-31T16:11:01","modified_gmt":"2026-08-31T19:11:01","slug":"prefeitura-leva-acoes-de-sustentabilidade-ao-3o-arraia-do-incluir-petropolis","status":"publish","type":"post","link":"https:\/\/comdep.com.br\/?p=20099","title":{"rendered":"Prefeitura leva a\u00e7\u00f5es de sustentabilidade ao 3\u00ba Arrai\u00e1 do INcluir Petr\u00f3polis"},"content":{"rendered":"\n<p>A Prefeitura esteve presente no 3\u00ba Arrai\u00e1 do INcluir Petr\u00f3polis, que aconteceu de sexta-feira (28\/8) a domingo (30\/8), das 10h \u00e0s 20h, no Pal\u00e1cio de Cristal. A Comdep levou ao evento a\u00e7\u00f5es de sustentabilidade e educa\u00e7\u00e3o ambiental, com destaque para a troca de garrafas PET por vassouras, a coleta de \u00f3leo de cozinha usado e a destina\u00e7\u00e3o correta de outros materiais recicl\u00e1veis.<\/p>\n\n\n\n<p>Uma das principais atra\u00e7\u00f5es foi o Projeto Vassoura. O p\u00fablico levava 24 garrafas PET de 2 litros, n\u00e3o amassadas, para trocar por uma vassoura produzida pela pr\u00f3pria Comdep a partir do reaproveitamento desse material. O evento tamb\u00e9m teve um ponto para entrega de \u00f3leo de cozinha usado, por meio do Projeto Realiza, da Cargill, parceiro do INcluir Petr\u00f3polis al\u00e9m de espa\u00e7os para recebimento de res\u00edduos eletroeletr\u00f4nicos, lacres e tampinhas pl\u00e1sticas.<\/p>\n\n\n\n<p>O evento tamb\u00e9m contou com a tenda da Coleta Seletiva, com exposi\u00e7\u00e3o de pe\u00e7as de artesanato confeccionadas a partir de materiais recicl\u00e1veis, mostrando as possibilidades de reaproveitamento dos res\u00edduos. A Secretaria da Mulher tamb\u00e9m esteve presente com a campanha \u201cN\u00e3o \u00e9 N\u00e3o\u201d, levando ao p\u00fablico orienta\u00e7\u00f5es de conscientiza\u00e7\u00e3o e preven\u00e7\u00e3o \u00e0 viol\u00eancia e ao ass\u00e9dio contra as mulheres.<\/p>\n\n\n\n<p>Al\u00e9m das a\u00e7\u00f5es de sustentabilidade, o 3\u00ba Arrai\u00e1 do INcluir Petr\u00f3polis teve uma programa\u00e7\u00e3o voltada \u00e0 inclus\u00e3o, cultura, lazer e conviv\u00eancia, com apresenta\u00e7\u00f5es musicais e culturais, gastronomia, artesanato e atividades para o p\u00fablico, al\u00e9m da participa\u00e7\u00e3o do artista pl\u00e1stico Camilo Moreira, que apresentou trabalhos produzidos a partir do reaproveitamento de materiais tecnol\u00f3gicos. A programa\u00e7\u00e3o tamb\u00e9m reuniu iniciativas de conscientiza\u00e7\u00e3o sobre inclus\u00e3o e acessibilidade, refor\u00e7ando a proposta de oferecer um espa\u00e7o de integra\u00e7\u00e3o para pessoas com e sem defici\u00eancia.<\/p>\n","protected":false},"excerpt":{"rendered":"<p>A Prefeitura esteve presente no 3\u00ba Arrai\u00e1 do INcluir Petr\u00f3polis, que aconteceu de sexta-feira (28\/8) a domingo (30\/8), das 10h \u00e0s 20h, no Pal\u00e1cio de Cristal. A Comdep levou ao evento a\u00e7\u00f5es de sustentabilidade e educa\u00e7\u00e3o ambiental, com destaque para a troca de garrafas PET por vassouras, a coleta de \u00f3leo de cozinha usado e&hellip;<\/p>\n","protected":false},"author":1,"featured_media":20100,"comment_status":"open","ping_status":"open","sticky":true,"template":"","format":"standard","meta":{"_themeisle_gutenberg_block_has_review":false,"footnotes":""},"categories":[1],"tags":[],"_links":{"self":[{"href":"https:\/\/comdep.com.br\/index.php?rest_route=\/wp\/v2\/posts\/20099"}],"collection":[{"href":"https:\/\/comdep.com.br\/index.php?rest_route=\/wp\/v2\/posts"}],"about":[{"href":"https:\/\/comdep.com.br\/index.php?rest_route=\/wp\/v2\/types\/post"}],"author":[{"embeddable":true,"href":"https:\/\/comdep.com.br\/index.php?rest_route=\/wp\/v2\/users\/1"}],"replies":[{"embeddable":true,"href":"https:\/\/comdep.com.br\/index.php?rest_route=%2Fwp%2Fv2%2Fcomments&post=20099"}],"version-history":[{"count":2,"href":"https:\/\/comdep.com.br\/index.php?rest_route=\/wp\/v2\/posts\/20099\/revisions"}],"predecessor-version":[{"id":20103,"href":"https:\/\/comdep.com.br\/index.php?rest_route=\/wp\/v2\/posts\/20099\/revisions\/20103"}],"wp:featuredmedia":[{"embeddable":true,"href":"https:\/\/comdep.com.br\/index.php?rest_route=\/wp\/v2\/media\/20100"}],"wp:attachment":[{"href":"https:\/\/comdep.com.br\/index.php?rest_route=%2Fwp%2Fv2%2Fmedia&parent=20099"}],"wp:term":[{"taxonomy":"category","embeddable":true,"href":"https:\/\/comdep.com.br\/index.php?rest_route=%2Fwp%2Fv2%2Fcategories&post=20099"},{"taxonomy":"post_tag","embeddable":true,"href":"https:\/\/comdep.com.br\/index.php?rest_route=%2Fwp%2Fv2%2Ftags&post=20099"}],"curies":[{"name":"wp","href":"https:\/\/api.w.org\/{rel}","templated":true}]}}