{"id":20127,"date":"2026-09-03T14:29:52","date_gmt":"2026-09-03T17:29:52","guid":{"rendered":"https:\/\/comdep.com.br\/?p=20127"},"modified":"2026-09-03T14:29:53","modified_gmt":"2026-09-03T17:29:53","slug":"prefeitura-reforca-orientacao-sobre-descarte-correto-de-residuos-e-coleta-seletiva-na-rua-teresa","status":"publish","type":"post","link":"https:\/\/comdep.com.br\/?p=20127","title":{"rendered":"Prefeitura refor\u00e7a orienta\u00e7\u00e3o sobre descarte correto de res\u00edduos e coleta seletiva na Rua Teresa"},"content":{"rendered":"\n<p>A Prefeitura realizou uma a\u00e7\u00e3o de conscientiza\u00e7\u00e3o na Rua Teresa para orientar moradores e comerciantes sobre o hor\u00e1rio correto para o descarte de res\u00edduos domiciliares e a import\u00e2ncia da separa\u00e7\u00e3o dos materiais recicl\u00e1veis. Equipes da Comdep distribu\u00edram panfletos com as orienta\u00e7\u00f5es, principalmente aos lojistas.<\/p>\n\n\n\n<p>Tamb\u00e9m foram colocados bancos e duas jardineiras produzidas com pneus, assim como novas lixeiras de poste em toda a extens\u00e3o da via. A a\u00e7\u00e3o busca reduzir o descarte antecipado de sacos de lixo nas cal\u00e7adas, um problema que tem sido registrado na regi\u00e3o e que pode contribuir para o espalhamento dos res\u00edduos e dificultar a circula\u00e7\u00e3o de pedestres.&nbsp;<\/p>\n\n\n\n<p>Os res\u00edduos domiciliares s\u00f3 devem ser colocados para fora no fim do expediente, pr\u00f3ximo ao hor\u00e1rio da coleta, que acontece diariamente na Rua Teresa, a partir das 19h.&nbsp;<\/p>\n\n\n\n<p>A coleta seletiva tamb\u00e9m deve ser utilizada para a destina\u00e7\u00e3o de papel, papel\u00e3o, pl\u00e1stico, vidro e metal, que precisam ser separados dos res\u00edduos domiciliares. Na Rua Teresa, a coleta seletiva acontece todas as sextas-feiras. Bares e restaurantes da regi\u00e3o tamb\u00e9m podem aproveitar o servi\u00e7o para fazer o descarte correto do \u00f3leo de cozinha usado, junto aos demais materiais recicl\u00e1veis.&nbsp;A organiza\u00e7\u00e3o da coleta depende tanto da presta\u00e7\u00e3o regular do servi\u00e7o quanto do descarte correto por parte da popula\u00e7\u00e3o.&nbsp;<\/p>\n","protected":false},"excerpt":{"rendered":"<p>A Prefeitura realizou uma a\u00e7\u00e3o de conscientiza\u00e7\u00e3o na Rua Teresa para orientar moradores e comerciantes sobre o hor\u00e1rio correto para o descarte de res\u00edduos domiciliares e a import\u00e2ncia da separa\u00e7\u00e3o dos materiais recicl\u00e1veis. Equipes da Comdep distribu\u00edram panfletos com as orienta\u00e7\u00f5es, principalmente aos lojistas. Tamb\u00e9m foram colocados bancos e duas jardineiras produzidas com pneus, assim&hellip;<\/p>\n","protected":false},"author":1,"featured_media":20128,"comment_status":"open","ping_status":"open","sticky":true,"template":"","format":"standard","meta":{"_themeisle_gutenberg_block_has_review":false,"footnotes":""},"categories":[1],"tags":[],"_links":{"self":[{"href":"https:\/\/comdep.com.br\/index.php?rest_route=\/wp\/v2\/posts\/20127"}],"collection":[{"href":"https:\/\/comdep.com.br\/index.php?rest_route=\/wp\/v2\/posts"}],"about":[{"href":"https:\/\/comdep.com.br\/index.php?rest_route=\/wp\/v2\/types\/post"}],"author":[{"embeddable":true,"href":"https:\/\/comdep.com.br\/index.php?rest_route=\/wp\/v2\/users\/1"}],"replies":[{"embeddable":true,"href":"https:\/\/comdep.com.br\/index.php?rest_route=%2Fwp%2Fv2%2Fcomments&post=20127"}],"version-history":[{"count":1,"href":"https:\/\/comdep.com.br\/index.php?rest_route=\/wp\/v2\/posts\/20127\/revisions"}],"predecessor-version":[{"id":20129,"href":"https:\/\/comdep.com.br\/index.php?rest_route=\/wp\/v2\/posts\/20127\/revisions\/20129"}],"wp:featuredmedia":[{"embeddable":true,"href":"https:\/\/comdep.com.br\/index.php?rest_route=\/wp\/v2\/media\/20128"}],"wp:attachment":[{"href":"https:\/\/comdep.com.br\/index.php?rest_route=%2Fwp%2Fv2%2Fmedia&parent=20127"}],"wp:term":[{"taxonomy":"category","embeddable":true,"href":"https:\/\/comdep.com.br\/index.php?rest_route=%2Fwp%2Fv2%2Fcategories&post=20127"},{"taxonomy":"post_tag","embeddable":true,"href":"https:\/\/comdep.com.br\/index.php?rest_route=%2Fwp%2Fv2%2Ftags&post=20127"}],"curies":[{"name":"wp","href":"https:\/\/api.w.org\/{rel}","templated":true}]}}