{"id":20130,"date":"2026-09-03T14:52:55","date_gmt":"2026-09-03T17:52:55","guid":{"rendered":"https:\/\/comdep.com.br\/?p=20130"},"modified":"2026-09-03T14:52:56","modified_gmt":"2026-09-03T17:52:56","slug":"comdep-remove-arvore-e-realiza-limpeza-da-rua-do-imperador-em-menos-de-duas-horas","status":"publish","type":"post","link":"https:\/\/comdep.com.br\/?p=20130","title":{"rendered":"Comdep remove \u00e1rvore e realiza limpeza da Rua do Imperador em menos de duas horas"},"content":{"rendered":"\n<p>A Rua do Imperador, no Centro, foi liberada ao tr\u00e2nsito na manh\u00e3 desta segunda-feira (31\/8), ap\u00f3s a r\u00e1pida atua\u00e7\u00e3o das equipes da Companhia Municipal de Desenvolvimento de Petr\u00f3polis (Comdep), que realizaram a remo\u00e7\u00e3o de uma \u00e1rvore ca\u00edda sobre a via e a limpeza completa do local em duas horas.<\/p>\n\n\n\n<p>A ocorr\u00eancia foi registrada pr\u00f3ximo ao Cefet, no sentido Centro, e provocou a interdi\u00e7\u00e3o tempor\u00e1ria da rua. Assim que acionadas, as equipes se deslocaram para o local e iniciaram o trabalho de retirada da \u00e1rvore e dos galhos espalhados pela pista.<\/p>\n\n\n\n<p>Durante a opera\u00e7\u00e3o, a Companhia Petropolitana de Tr\u00e2nsito e Transportes (CPTrans) e a Guarda Civil Municipal (GCM) atuaram na orienta\u00e7\u00e3o do tr\u00e2nsito, enquanto a Defesa Civil tamb\u00e9m acompanhou a ocorr\u00eancia. Os ve\u00edculos chegaram a ser desviados pelas ruas General Os\u00f3rio e Marechal Deodoro at\u00e9 a conclus\u00e3o dos trabalhos.<\/p>\n\n\n\n<p>Com a remo\u00e7\u00e3o da \u00e1rvore e a limpeza da via, o trecho foi liberado e o tr\u00e2nsito voltou a fluir normalmente. A a\u00e7\u00e3o foi conclu\u00edda em menos de duas horas, garantindo mais rapidez e seguran\u00e7a para motoristas e pedestres que circulam pela regi\u00e3o.<\/p>\n","protected":false},"excerpt":{"rendered":"<p>A Rua do Imperador, no Centro, foi liberada ao tr\u00e2nsito na manh\u00e3 desta segunda-feira (31\/8), ap\u00f3s a r\u00e1pida atua\u00e7\u00e3o das equipes da Companhia Municipal de Desenvolvimento de Petr\u00f3polis (Comdep), que realizaram a remo\u00e7\u00e3o de uma \u00e1rvore ca\u00edda sobre a via e a limpeza completa do local em duas horas. A ocorr\u00eancia foi registrada pr\u00f3ximo ao&hellip;<\/p>\n","protected":false},"author":1,"featured_media":20132,"comment_status":"open","ping_status":"open","sticky":true,"template":"","format":"standard","meta":{"_themeisle_gutenberg_block_has_review":false,"footnotes":""},"categories":[1],"tags":[],"_links":{"self":[{"href":"https:\/\/comdep.com.br\/index.php?rest_route=\/wp\/v2\/posts\/20130"}],"collection":[{"href":"https:\/\/comdep.com.br\/index.php?rest_route=\/wp\/v2\/posts"}],"about":[{"href":"https:\/\/comdep.com.br\/index.php?rest_route=\/wp\/v2\/types\/post"}],"author":[{"embeddable":true,"href":"https:\/\/comdep.com.br\/index.php?rest_route=\/wp\/v2\/users\/1"}],"replies":[{"embeddable":true,"href":"https:\/\/comdep.com.br\/index.php?rest_route=%2Fwp%2Fv2%2Fcomments&post=20130"}],"version-history":[{"count":1,"href":"https:\/\/comdep.com.br\/index.php?rest_route=\/wp\/v2\/posts\/20130\/revisions"}],"predecessor-version":[{"id":20133,"href":"https:\/\/comdep.com.br\/index.php?rest_route=\/wp\/v2\/posts\/20130\/revisions\/20133"}],"wp:featuredmedia":[{"embeddable":true,"href":"https:\/\/comdep.com.br\/index.php?rest_route=\/wp\/v2\/media\/20132"}],"wp:attachment":[{"href":"https:\/\/comdep.com.br\/index.php?rest_route=%2Fwp%2Fv2%2Fmedia&parent=20130"}],"wp:term":[{"taxonomy":"category","embeddable":true,"href":"https:\/\/comdep.com.br\/index.php?rest_route=%2Fwp%2Fv2%2Fcategories&post=20130"},{"taxonomy":"post_tag","embeddable":true,"href":"https:\/\/comdep.com.br\/index.php?rest_route=%2Fwp%2Fv2%2Ftags&post=20130"}],"curies":[{"name":"wp","href":"https:\/\/api.w.org\/{rel}","templated":true}]}}