{"id":2020,"date":"2019-11-26T11:07:13","date_gmt":"2019-11-26T14:07:13","guid":{"rendered":"http:\/\/comdep.com.br\/?p=2020"},"modified":"2019-11-26T11:19:48","modified_gmt":"2019-11-26T14:19:48","slug":"comdep-trabalhando-hoje-26-11-2019-nos-seguintes-locais","status":"publish","type":"post","link":"https:\/\/comdep.com.br\/?p=2020","title":{"rendered":"COMDEP trabalhando hoje 26\/11\/2019 nos seguintes locais:"},"content":{"rendered":"<p><strong>Distrito<\/strong><\/p>\n<p><strong>Ro\u00e7ada e capina<\/strong>: continua\u00e7\u00e3o Estrada Ministro Salgado Filho Cuiab\u00e1 &nbsp;&nbsp;*<\/p>\n<p><strong>M\u00e1quina e caminh\u00f5es<\/strong>: Araras &nbsp;&nbsp;*<\/p>\n<p><strong>Varri\u00e7\u00e3o di\u00e1ria<\/strong>: Corr\u00eaas, Nogueiras, Araras, Itaipava, Madame Machado, Vila Rica, Pedro do Rio, Secret\u00e1rio &nbsp;*<\/p>\n<p><strong>Diretoria Operacional<\/strong><\/p>\n<p><strong>Limpeza de rio<\/strong>: Conde D&#8217;Eu &nbsp;&nbsp;*<\/p>\n<p><strong>Capina<\/strong>: Dr. S\u00e1 Earp, Rua Teresa, Sargento Boening, Lusitano, Marechal Hermes, Rua Jo\u00e3o Wedling (Mosela), Rua Para\u00edba, Henrique Rafard, Visconde de Itabora\u00ed, Duchas, Rua Jo\u00e3o de Deus (Q. Brasileiro), Sim\u00e3o Bol\u00edvar, Duarte da Silveira, Floresta (escadaria) Marechal Hermes (Bob Cat), Rua Ad\u00e3o Brand &nbsp;&nbsp;*<\/p>\n<p><strong>Ro\u00e7ada<\/strong>: Rua Presidente Sodr\u00e9, Av. dos Pinheiros (auto escola), Roberto da Silveira &nbsp;&nbsp;*<\/p>\n<p><strong>M\u00e1quinas e caminh\u00f5es<\/strong>: Rua Teresa, Ferrovi\u00e1rios, Bar\u00e3o do Rio Branco, Quarteir\u00e3o Brasileiro &nbsp;&nbsp;*<\/p>\n<p><strong>Caminh\u00e3o poli guindaste<\/strong>: Independ\u00eancia &nbsp;&nbsp;*<\/p>\n<p><strong>Caminh\u00e3o D-08<\/strong>: Coronel Veiga, Washington Luiz, Centro Hist\u00f3rico, Piabanha, Bingen, Capela, Bar\u00e3o do Rio Branco, Dr. S\u00e1 Earp, Morin, Albino Siqueira, Crist\u00f3v\u00e3o Colombo, Olavo Bilac e Turmas &nbsp;*<\/p>\n<p><strong>Varri\u00e7\u00e3o<\/strong>: Get\u00falio Vargas, Valpara\u00edso, Fabr\u00edcio de Matos, Mosela, Bingen, Capela e Duarte da Silveira &nbsp;*<\/p>\n<p><strong>Caminh\u00e3o (C55) Pipa lavagem<\/strong>: Centro, Centro Hist\u00f3rico, pra\u00e7a Alcindo Sodr\u00e9 atr\u00e1s da banca de jornal, ap\u00f3s enchendo o chafariz da Pra\u00e7a da Liberdade &nbsp;*<\/p>\n<p><strong>Caminh\u00e3o (C20) recolhimento de sacos de varri\u00e7\u00e3o<\/strong>: Quitandinha, Coronel Veiga, pra\u00e7a Pasteur, Alto da Serra, Morim, Centro, Centro Hist\u00f3rico e Bingen &nbsp;*<\/p>\n<p><strong>Varri\u00e7\u00e3o<\/strong>: feira livre do Centro &nbsp;*<\/p>\n<p><strong>(03) funcion\u00e1rios<\/strong> trabalhando na feira livre do Centro, na retirada de res\u00edduos debaixo das bancas &nbsp;*<\/p>\n<p><strong>Parques e Jardins &nbsp;<\/strong><\/p>\n<p><strong>Corte de grama<\/strong>: Universidade Federal Fluminense, Morin &nbsp;*<\/p>\n<p><strong>Corte de \u00e1rvores<\/strong>: Morin &nbsp;*<\/p>\n<p><strong>Limpeza de Jardins<\/strong>: Universidade Federal Fluminense, Casa Bar\u00e3o de Mau\u00e1, Pra\u00e7a Stefan Zweig &nbsp;*<\/p>\n<p><strong>Caminh\u00e3o C 21:<\/strong> Morin &nbsp;*<\/p>\n<p><strong>Kombi C 97<\/strong>: Centro Hist\u00f3rico e turmas &nbsp;*<\/p>\n<p><strong>Diretoria de Obras<\/strong><\/p>\n<p><strong>Obras<\/strong>: vistoriar vazamento no CIT, localizado no P\u00f3rtico do Quitandinha, instala\u00e7\u00e3o de uma cesta de 2 metros na Estrada das Tr\u00eas Pedras, Caxamb\u00fa &nbsp;*<\/p>\n<p><strong>Constru\u00e7\u00e3o<\/strong> de uma base de 2 metros na Rua Antonio da Silva Ligeiro, Independ\u00eancia (pr\u00f3ximo da quadra, constru\u00e7\u00e3o de uma base de 3 metros na rua \u201co\u201d, bairro Independ\u00eancia, reparo na cal\u00e7ada em frente \u00e0 Pra\u00e7a Stefan Zweig &nbsp;*<\/p>\n<p><strong>Obs.<\/strong> Partes dos servi\u00e7os de hoje, est\u00e3o sendo postados novamente para amanh\u00e3, motivo: aten\u00e7\u00e3o emergencial na pra\u00e7a (Stefan Zweig) &nbsp;*<\/p>\n<p><strong>Pintura<\/strong>: pintura na Rua Washington Luiz, pintura no interior do banheiro na Catedral *<\/p>\n<p><strong>Carpintaria<\/strong>: reforma e confec\u00e7\u00e3o de bancos e brinquedos de pra\u00e7as e parquinhos *<\/p>\n<p><strong>El\u00e9trica<\/strong>: manuten\u00e7\u00e3o em chafarizes do Centro Hist\u00f3rico *<\/p>\n<p><strong>Serralheria<\/strong>: confec\u00e7\u00e3o de cestas de coletoras na cia *<\/p>\n<p><strong>Capina e ro\u00e7ada<\/strong>: Pedro Nava, Pouso Alegre e Augusto Schowandt *<\/p>\n<p><strong>Capina e limpeza de ralos<\/strong>: Rua&nbsp; do Imperador (Conservas Centro) &nbsp;*<\/p>\n","protected":false},"excerpt":{"rendered":"<p>Distrito Ro\u00e7ada e capina: continua\u00e7\u00e3o Estrada Ministro Salgado Filho Cuiab\u00e1 &nbsp;&nbsp;* M\u00e1quina e caminh\u00f5es: Araras &nbsp;&nbsp;* Varri\u00e7\u00e3o di\u00e1ria: Corr\u00eaas, Nogueiras, Araras, Itaipava, Madame Machado, Vila Rica, Pedro do Rio, Secret\u00e1rio &nbsp;* Diretoria Operacional Limpeza de rio: Conde D&#8217;Eu &nbsp;&nbsp;* Capina: Dr. S\u00e1 Earp, Rua Teresa, Sargento Boening, Lusitano, Marechal Hermes, Rua Jo\u00e3o Wedling (Mosela), Rua&hellip;<\/p>\n","protected":false},"author":1,"featured_media":2022,"comment_status":"closed","ping_status":"closed","sticky":false,"template":"","format":"standard","meta":{"_themeisle_gutenberg_block_has_review":false,"footnotes":""},"categories":[1],"tags":[],"_links":{"self":[{"href":"https:\/\/comdep.com.br\/index.php?rest_route=\/wp\/v2\/posts\/2020"}],"collection":[{"href":"https:\/\/comdep.com.br\/index.php?rest_route=\/wp\/v2\/posts"}],"about":[{"href":"https:\/\/comdep.com.br\/index.php?rest_route=\/wp\/v2\/types\/post"}],"author":[{"embeddable":true,"href":"https:\/\/comdep.com.br\/index.php?rest_route=\/wp\/v2\/users\/1"}],"replies":[{"embeddable":true,"href":"https:\/\/comdep.com.br\/index.php?rest_route=%2Fwp%2Fv2%2Fcomments&post=2020"}],"version-history":[{"count":2,"href":"https:\/\/comdep.com.br\/index.php?rest_route=\/wp\/v2\/posts\/2020\/revisions"}],"predecessor-version":[{"id":2023,"href":"https:\/\/comdep.com.br\/index.php?rest_route=\/wp\/v2\/posts\/2020\/revisions\/2023"}],"wp:featuredmedia":[{"embeddable":true,"href":"https:\/\/comdep.com.br\/index.php?rest_route=\/wp\/v2\/media\/2022"}],"wp:attachment":[{"href":"https:\/\/comdep.com.br\/index.php?rest_route=%2Fwp%2Fv2%2Fmedia&parent=2020"}],"wp:term":[{"taxonomy":"category","embeddable":true,"href":"https:\/\/comdep.com.br\/index.php?rest_route=%2Fwp%2Fv2%2Fcategories&post=2020"},{"taxonomy":"post_tag","embeddable":true,"href":"https:\/\/comdep.com.br\/index.php?rest_route=%2Fwp%2Fv2%2Ftags&post=2020"}],"curies":[{"name":"wp","href":"https:\/\/api.w.org\/{rel}","templated":true}]}}