{"id":2027,"date":"2019-11-27T10:45:32","date_gmt":"2019-11-27T13:45:32","guid":{"rendered":"http:\/\/comdep.com.br\/?p=2027"},"modified":"2019-11-27T10:45:46","modified_gmt":"2019-11-27T13:45:46","slug":"comdep-trabalhando-hoje-27-11-2019-nos-seguintes-locais","status":"publish","type":"post","link":"https:\/\/comdep.com.br\/?p=2027","title":{"rendered":"COMDEP trabalhando hoje 27\/11\/2019 nos seguintes locais:"},"content":{"rendered":"<p><strong>Distrito<\/strong><\/p>\n<p><strong>Ro\u00e7ada e capina<\/strong>: continua\u00e7\u00e3o Estrada Ministro Salgado Filho, Rua 300 &nbsp;*<\/p>\n<p><strong>M\u00e1quina e caminh\u00f5es<\/strong>: continua\u00e7\u00e3o Araras &nbsp;*<\/p>\n<p><strong>Varri\u00e7\u00e3o di\u00e1ria<\/strong>: Corr\u00eaas, Nogueiras, Araras, Itaipava, Madame Machado, Vila Rica, Pedro do Rio, Secret\u00e1rio *<\/p>\n<p><strong>Diretoria Operacional<\/strong><\/p>\n<p><strong>Limpeza de rio<\/strong>: Crist\u00f3v\u00e3o Colombo ; Capina: Dr. S\u00e1 Earp, rua Teresa, Sargento Boening, Lusitano, Marechal Hermes, rua Jo\u00e3o Wedling, rua Pernambuco, Henrique Rafard, Rua Paulo Lobo de Moraes, rua Kopke (Duchas), Rua Jo\u00e3o de Deus, Travessa Jo\u00e3o Famadas, Duarte da Silveira, Capit\u00e3o Paladino, Floresta (escadaria) &nbsp;*<\/p>\n<p><strong>Ro\u00e7ada<\/strong>: Rua Presidente Sodr\u00e9, Rua Padre Siqueira, Escadaria do Serrinha &nbsp;*<\/p>\n<p><strong>M\u00e1quinas e caminh\u00f5es<\/strong>: Ferrovi\u00e1rios, 24 de Maio, Duques, Parque S\u00e3o Vicente, Vassouras, Alagoas, Bahia &nbsp;*<\/p>\n<p><strong>Caminh\u00e3o Poli Guindaste<\/strong>: Independ\u00eancia *<\/p>\n<p><strong>Caminh\u00e3o D 08<\/strong>: General Rondon, Quitandinha, Coronel Veiga, Washington Luiz, Centro Hist\u00f3rico, Piabanha, Bingen, Bar\u00e3o do Rio Branco, Dr. S\u00e1 Earp, Morim e turmas &nbsp;*<\/p>\n<p><strong>Varri\u00e7\u00e3o<\/strong>: Cascatinha, Nova Cascatinha, Alto da Alcobacinha, Bela vista, Greg\u00f3rio Cruzick, Itamarati, Alto da Boa Vista, Estrada da Saudade, Fonseca Ramos, Centro e Centro Hist\u00f3rico *<\/p>\n<p><strong>Caminh\u00e3o (C20) recolhimento de sacos de varri\u00e7\u00e3o<\/strong>: Quitandinha, coronel Veiga, pra\u00e7a Pasteur, Alto da Serra, Morin, Centro, Centro Hist\u00f3rico e Bingen *<\/p>\n<p><strong>Caminh\u00e3o (C55) Pipa<\/strong>: Molhando o jardim da pra\u00e7a Stefan Zweig, ap\u00f3s lavagem Centro, Centro Hist\u00f3rico e pra\u00e7a Alcindo Sodr\u00e9 atr\u00e1s da banca de jornal *<\/p>\n<p><strong>Parques e Jardins &nbsp;<\/strong><\/p>\n<p><strong>Corte de grama<\/strong>: Morin e UFF *<\/p>\n<p><strong>Limpeza de Jardins<\/strong>: Morin, Pra\u00e7a da inconfid\u00eancia, Crist\u00f3v\u00e3o Colombo *<\/p>\n<p><strong>Corte de \u00e1rvores<\/strong>: Morin *<\/p>\n<p><strong>Caminh\u00e3o C 21<\/strong>: UFF *<\/p>\n<p><strong>Kombi C 97<\/strong>: Centro Hist\u00f3rico e turmas *<\/p>\n<p><strong>Diretoria de Obras<\/strong><\/p>\n<p><strong>Obras<\/strong>: revis\u00e3o no P\u00f3rtico do Quitandinha, com apoio da CPTrans,&nbsp; instala\u00e7\u00e3o de cesta na Rua Antonio da Silva Ligeiro (Independ\u00eancia), instala\u00e7\u00e3o de cesta na rua \u201co\u201d (Independ\u00eancia) *<\/p>\n<p><strong>Pintura<\/strong>: revis\u00e3o no P\u00f3rtico do Quitandinha, com apoio da CPTrans, Washington Luiz (continua\u00e7\u00e3o) *<\/p>\n<p><strong>Carpintaria<\/strong>: reforma e confec\u00e7\u00e3o de bancos e brinquedos de pra\u00e7as e parquinhos, reparo em balaustres *<\/p>\n<p><strong>El\u00e9trica<\/strong>: manuten\u00e7\u00e3o em chafarizes do Centro Hist\u00f3rico *<\/p>\n<p><strong>Serralheria<\/strong>: confec\u00e7\u00e3o de cestas de coletoras na cia *<\/p>\n<p><strong>Capina e ro\u00e7ada<\/strong>: Pedro Nava, Pouso Alegre e Augusto Schowandt (continua\u00e7\u00e3o) *<\/p>\n<p><strong>Capina e limpeza de ralos<\/strong>: Alberto Torres e Floriano Peixoto (continua\u00e7\u00e3o) *<\/p>\n","protected":false},"excerpt":{"rendered":"<p>Distrito Ro\u00e7ada e capina: continua\u00e7\u00e3o Estrada Ministro Salgado Filho, Rua 300 &nbsp;* M\u00e1quina e caminh\u00f5es: continua\u00e7\u00e3o Araras &nbsp;* Varri\u00e7\u00e3o di\u00e1ria: Corr\u00eaas, Nogueiras, Araras, Itaipava, Madame Machado, Vila Rica, Pedro do Rio, Secret\u00e1rio * Diretoria Operacional Limpeza de rio: Crist\u00f3v\u00e3o Colombo ; Capina: Dr. S\u00e1 Earp, rua Teresa, Sargento Boening, Lusitano, Marechal Hermes, rua Jo\u00e3o Wedling,&hellip;<\/p>\n","protected":false},"author":1,"featured_media":2028,"comment_status":"open","ping_status":"open","sticky":false,"template":"","format":"standard","meta":{"_themeisle_gutenberg_block_has_review":false,"footnotes":""},"categories":[1],"tags":[],"_links":{"self":[{"href":"https:\/\/comdep.com.br\/index.php?rest_route=\/wp\/v2\/posts\/2027"}],"collection":[{"href":"https:\/\/comdep.com.br\/index.php?rest_route=\/wp\/v2\/posts"}],"about":[{"href":"https:\/\/comdep.com.br\/index.php?rest_route=\/wp\/v2\/types\/post"}],"author":[{"embeddable":true,"href":"https:\/\/comdep.com.br\/index.php?rest_route=\/wp\/v2\/users\/1"}],"replies":[{"embeddable":true,"href":"https:\/\/comdep.com.br\/index.php?rest_route=%2Fwp%2Fv2%2Fcomments&post=2027"}],"version-history":[{"count":2,"href":"https:\/\/comdep.com.br\/index.php?rest_route=\/wp\/v2\/posts\/2027\/revisions"}],"predecessor-version":[{"id":2030,"href":"https:\/\/comdep.com.br\/index.php?rest_route=\/wp\/v2\/posts\/2027\/revisions\/2030"}],"wp:featuredmedia":[{"embeddable":true,"href":"https:\/\/comdep.com.br\/index.php?rest_route=\/wp\/v2\/media\/2028"}],"wp:attachment":[{"href":"https:\/\/comdep.com.br\/index.php?rest_route=%2Fwp%2Fv2%2Fmedia&parent=2027"}],"wp:term":[{"taxonomy":"category","embeddable":true,"href":"https:\/\/comdep.com.br\/index.php?rest_route=%2Fwp%2Fv2%2Fcategories&post=2027"},{"taxonomy":"post_tag","embeddable":true,"href":"https:\/\/comdep.com.br\/index.php?rest_route=%2Fwp%2Fv2%2Ftags&post=2027"}],"curies":[{"name":"wp","href":"https:\/\/api.w.org\/{rel}","templated":true}]}}