{"id":2035,"date":"2019-11-28T10:55:25","date_gmt":"2019-11-28T13:55:25","guid":{"rendered":"http:\/\/comdep.com.br\/?p=2035"},"modified":"2019-11-28T11:08:37","modified_gmt":"2019-11-28T14:08:37","slug":"comdep-trabalhando-hoje-28-11-2019-nos-seguintes-locais","status":"publish","type":"post","link":"https:\/\/comdep.com.br\/?p=2035","title":{"rendered":"COMDEP trabalhando hoje 28\/11\/2019 nos seguintes locais:"},"content":{"rendered":"<p><strong>Distrito<\/strong><br \/>\n<strong>Ro\u00e7ada e capina<\/strong>: Madame Machado *<br \/>\n<strong>M\u00e1quina e caminh\u00f5es<\/strong>: Continua\u00e7\u00e3o Araras *<br \/>\n<strong>Varri\u00e7\u00e3o di\u00e1ria<\/strong>: Corr\u00eaas, Nogueiras, Araras, Itaipava, Madame Machado, Vila Rica, Pedro do Rio, Secret\u00e1rio *<br \/>\n<strong>Diretoria Operacional<\/strong><br \/>\n<strong>Limpeza de rio<\/strong>: Crist\u00f3v\u00e3o Colombo *<\/p>\n<p><strong> Capina<\/strong>: Dr. S\u00e1 Earp, rua Teresa, Bar\u00e3o do Rio Branco, Rua Francisco Manoel, Piabanha, Marechal Hermes, rua Major Ricardo, , rua Professor Monken, Vila Ipanema, Henrique Rafard, Rua Paulo Lobo de Moraes, Rua Rockfeller, Duchas, Rua Jo\u00e3o de Deus, Rua Jos\u00e9 Hammes, Ang\u00e9lica Lopes de Castro, Duarte da Silveira, Floresta (escadaria), Capit\u00e3o Paladino *<\/p>\n<p><strong>Ro\u00e7ada<\/strong>: Presidente Sodr\u00e9, Vila Militar, Henrique Rafard, Rua Padre Siqueira *<br \/>\n<strong>M\u00e1quinas e caminh\u00f5es<\/strong>: 24 de Maio, Marechal Hermes, Rua \u00c1lvaro Machado, S\u00e3o Sebasti\u00e3o, Capit\u00e3o Paladino, Rua Vassouras, Vila Ipanema *<br \/>\n<strong>Caminh\u00e3o Poli Guindaste<\/strong>: Independ\u00eancia *<br \/>\n<strong>Caminh\u00e3o D 08<\/strong>: C\u00e2mara Municipal (conforme of\u00edcio), General Rondon, Quitandinha, Coronel Veiga, Washignton Luiz, Centro Hist\u00f3rico e Turmas *<br \/>\n<strong>Varri\u00e7\u00e3o<\/strong>: Castel\u00e2nea, Simeria, S\u00e3o Sebasti\u00e3o, General Rondon, Valpara\u00edso, pra\u00e7a Pasteur, Euclides da Cunha, Alto da Serra, Centro e Centro Hist\u00f3rico *<br \/>\n<strong>Varri\u00e7\u00e3o<\/strong>: feira livre da pra\u00e7a Pasteur *<br \/>\n<strong>Caminh\u00e3o (C20) recolhimento de sacos de varri\u00e7\u00e3o<\/strong>: Quitandinha, coronel Veiga, Alto da Serra, Morin, Centro, Centro Hist\u00f3rico e Bingen *<br \/>\n<strong>Caminh\u00e3o (C55) Pipa lavagem<\/strong>: Centro, Centro Hist\u00f3rico, pra\u00e7a Alcindo Sodr\u00e9 atr\u00e1s da banca de jornal ap\u00f3s verificando o chafariz da pra\u00e7a de Cascatinha *<br \/>\n<strong>Parques e Jardins<\/strong><br \/>\n<strong>Corte de grama<\/strong>: Vila Felipe Campinho, Cardoso Fontes, Saldanha Marinho *<br \/>\n<strong>Limpeza de jardins<\/strong>: Bar\u00e3o de Amazonas, Crist\u00f3v\u00e3o Colombo, Pra\u00e7a da Inconfid\u00eancia *<br \/>\n<strong>Caminh\u00e3o C 21<\/strong>: UFF, Morin, Pra\u00e7a Duque de Caxias *<br \/>\n<strong>Kombi C 97<\/strong>: Centro Hist\u00f3rico e turmas *<br \/>\n<strong>Diretoria Obras<\/strong><br \/>\n<strong>Obras<\/strong>: instala\u00e7\u00e3o de 2 cestas de coletoras no bairro Independ\u00eancia, arremate na cal\u00e7ada da Pra\u00e7a Stefan Sweig *<br \/>\n<strong>Pintura<\/strong>: Washington Luiz (continua\u00e7\u00e3o), p\u00f3rtico do Quitandinha (continua\u00e7\u00e3o) *<br \/>\n<strong>Carpintaria<\/strong>: reparo e confec\u00e7\u00e3o de bancos e brinquedos de pra\u00e7as e parquinhos, recupera\u00e7\u00e3o de bala\u00fastres *<br \/>\n<strong>El\u00e9trica<\/strong>: manuten\u00e7\u00e3o de chafarizes no Centro Hist\u00f3rico *<br \/>\n<strong>Serralheria<\/strong>: confec\u00e7\u00e3o de cestas de coletoras na cia *<\/p>\n","protected":false},"excerpt":{"rendered":"<p>Distrito Ro\u00e7ada e capina: Madame Machado * M\u00e1quina e caminh\u00f5es: Continua\u00e7\u00e3o Araras * Varri\u00e7\u00e3o di\u00e1ria: Corr\u00eaas, Nogueiras, Araras, Itaipava, Madame Machado, Vila Rica, Pedro do Rio, Secret\u00e1rio * Diretoria Operacional Limpeza de rio: Crist\u00f3v\u00e3o Colombo * Capina: Dr. S\u00e1 Earp, rua Teresa, Bar\u00e3o do Rio Branco, Rua Francisco Manoel, Piabanha, Marechal Hermes, rua Major Ricardo,&hellip;<\/p>\n","protected":false},"author":1,"featured_media":2037,"comment_status":"open","ping_status":"open","sticky":false,"template":"","format":"standard","meta":{"_themeisle_gutenberg_block_has_review":false,"footnotes":""},"categories":[1],"tags":[],"_links":{"self":[{"href":"https:\/\/comdep.com.br\/index.php?rest_route=\/wp\/v2\/posts\/2035"}],"collection":[{"href":"https:\/\/comdep.com.br\/index.php?rest_route=\/wp\/v2\/posts"}],"about":[{"href":"https:\/\/comdep.com.br\/index.php?rest_route=\/wp\/v2\/types\/post"}],"author":[{"embeddable":true,"href":"https:\/\/comdep.com.br\/index.php?rest_route=\/wp\/v2\/users\/1"}],"replies":[{"embeddable":true,"href":"https:\/\/comdep.com.br\/index.php?rest_route=%2Fwp%2Fv2%2Fcomments&post=2035"}],"version-history":[{"count":1,"href":"https:\/\/comdep.com.br\/index.php?rest_route=\/wp\/v2\/posts\/2035\/revisions"}],"predecessor-version":[{"id":2036,"href":"https:\/\/comdep.com.br\/index.php?rest_route=\/wp\/v2\/posts\/2035\/revisions\/2036"}],"wp:featuredmedia":[{"embeddable":true,"href":"https:\/\/comdep.com.br\/index.php?rest_route=\/wp\/v2\/media\/2037"}],"wp:attachment":[{"href":"https:\/\/comdep.com.br\/index.php?rest_route=%2Fwp%2Fv2%2Fmedia&parent=2035"}],"wp:term":[{"taxonomy":"category","embeddable":true,"href":"https:\/\/comdep.com.br\/index.php?rest_route=%2Fwp%2Fv2%2Fcategories&post=2035"},{"taxonomy":"post_tag","embeddable":true,"href":"https:\/\/comdep.com.br\/index.php?rest_route=%2Fwp%2Fv2%2Ftags&post=2035"}],"curies":[{"name":"wp","href":"https:\/\/api.w.org\/{rel}","templated":true}]}}