{"id":2041,"date":"2019-11-29T10:18:25","date_gmt":"2019-11-29T13:18:25","guid":{"rendered":"http:\/\/comdep.com.br\/?p=2041"},"modified":"2019-11-29T10:24:13","modified_gmt":"2019-11-29T13:24:13","slug":"comdep-trabalhando-hoje-29-11-2019-nos-seguintes-locais","status":"publish","type":"post","link":"https:\/\/comdep.com.br\/?p=2041","title":{"rendered":"COMDEP trabalhando hoje 29\/11\/2019 nos seguintes locais:"},"content":{"rendered":"<p><strong>Distrito<\/strong><\/p>\n<p><strong>Ro\u00e7ada e capina<\/strong>: continua\u00e7\u00e3o Parque de Exposi\u00e7\u00e3o &nbsp;*<\/p>\n<p><strong>M\u00e1quina e caminh\u00f5es<\/strong>: atendo of\u00edcio para retirada de entulho no Castelo S\u00e3o Manoel &nbsp;*<\/p>\n<p><strong>Varri\u00e7\u00e3o di\u00e1ria<\/strong>: Corr\u00eaas, Nogueiras, Araras, Itaipava, Madame Machado, Vila Rica, Pedro do Rio, Secret\u00e1rio *<\/p>\n<p><strong>Diretoria Operacional<\/strong><\/p>\n<p><strong>Limpeza de rio<\/strong>: Crist\u00f3v\u00e3o Colombo &nbsp;*<\/p>\n<p><strong>Capina<\/strong>: Rep\u00fablica do L\u00edbano, Parque S\u00e3o Vicente, Rua Gabriel Junqueira, Rua Paula Buarque, Rua Nair de Teff\u00e9, Rua Sergipe, Rua Bahia, Rua Paulo Lobo de Moraes, Av. Estados Unidos, Rep\u00fablica Argentina, Duarte da Silveira &nbsp;*<\/p>\n<p><strong>Ro\u00e7ada<\/strong>: Duarte da Silveira &nbsp;*<\/p>\n<p><strong>M\u00e1quinas e caminh\u00f5e<\/strong>s: Alagoas, Rua Bahia, Esp\u00edrito Santo, Duarte da Silveira, Capela, Bingen, Vila Militar, Valpara\u00edso &nbsp;*<\/p>\n<p><strong>Caminh\u00e3o Poli Guindaste<\/strong>: Independ\u00eancia, Batista da Costa &nbsp;*<\/p>\n<p><strong>Caminh\u00e3o D 08<\/strong>: General Rondon, Quitandinha, Washington Luiz, Centro Hist\u00f3rico, Bar\u00e3o do Rio Branco, Dr. S\u00e1 Earp, Morim, Crist\u00f3v\u00e3o Colombo, Olavo Bilac e Turmas &nbsp;*<\/p>\n<p><strong>Varri\u00e7\u00e3o<\/strong>: Vila Felipe, Ch\u00e1cara Flora, Cardoso fontes, pra\u00e7a Pasteur, Castel\u00e2nea, S\u00e3o Sebasti\u00e3o, Coronel Veiga, General Rondon e Quitandinha *<\/p>\n<p><strong>Caminh\u00e3o (C20) recolhimento de sacos de varri\u00e7\u00e3o<\/strong>: Quitandinha, Coronel Veiga, Alto da Serra, Morin, Centro, Centro Hist\u00f3rico e Bingen *<\/p>\n<p><strong>Caminh\u00e3o (C55) Pipa lavagem<\/strong>: Centro, Centro Hist\u00f3rico, pra\u00e7a Alcindo Sodr\u00e9 atr\u00e1s da banca de jornal ap\u00f3s verificando o chafariz da pra\u00e7a de Cascatinha *<\/p>\n<p><strong>Varri\u00e7\u00e3o<\/strong>: feira livre da rua Francisco Manoel *<\/p>\n<p><strong>Parques e Jardins<\/strong><\/p>\n<p><strong>Corte de grama<\/strong>: Rua Get\u00falio Vargas *<\/p>\n<p><strong>Limpeza de Jardins<\/strong>: Rua Get\u00falio Vargas *<\/p>\n<p><strong>Corte de \u00e1rvores<\/strong>: Ch\u00e1cara Flora *<\/p>\n<p><strong>Kombi C 97<\/strong>: Centro Hist\u00f3rico e turmas *<\/p>\n<p><strong>Diretoria Obras<\/strong><\/p>\n<p><strong>Obras<\/strong>: instala\u00e7\u00e3o de tela pr\u00f3ximo ao deposito g\u00e1z, no 17, Bingen. Reforma de base, Quarteir\u00e3o Brasileiro *<\/p>\n<p><strong>Carpintaria<\/strong>: confec\u00e7\u00e3o e recupera\u00e7\u00e3o de bancos e brinquedos de pra\u00e7as e parquinhos, Secretaria de Fazenda (Flavia, sala 06) *<\/p>\n<p><strong>Pintura<\/strong>: Washington Luiz (continua\u00e7\u00e3o) *<\/p>\n<p><strong>Serralheria<\/strong>: confec\u00e7\u00e3o de cestas de coletoras na cia *<\/p>\n<p><strong>El\u00e9trica<\/strong>: manuten\u00e7\u00e3o em chafarizes na cidade, casa do Projeto Petr\u00f3polis da Paz, Rua Ipiranga 193 *<\/p>\n<p><strong>* DEVIDO AS CHUVAS OS SERVI\u00c7OS FORAM ALTERADOS PARA O PARQUE DE EXPOSI\u00c7\u00c3O EM ITAIPAVA *<\/strong><\/p>\n","protected":false},"excerpt":{"rendered":"<p>Distrito Ro\u00e7ada e capina: continua\u00e7\u00e3o Parque de Exposi\u00e7\u00e3o &nbsp;* M\u00e1quina e caminh\u00f5es: atendo of\u00edcio para retirada de entulho no Castelo S\u00e3o Manoel &nbsp;* Varri\u00e7\u00e3o di\u00e1ria: Corr\u00eaas, Nogueiras, Araras, Itaipava, Madame Machado, Vila Rica, Pedro do Rio, Secret\u00e1rio * Diretoria Operacional Limpeza de rio: Crist\u00f3v\u00e3o Colombo &nbsp;* Capina: Rep\u00fablica do L\u00edbano, Parque S\u00e3o Vicente, Rua Gabriel&hellip;<\/p>\n","protected":false},"author":1,"featured_media":2043,"comment_status":"open","ping_status":"open","sticky":false,"template":"","format":"standard","meta":{"_themeisle_gutenberg_block_has_review":false,"footnotes":""},"categories":[1],"tags":[],"_links":{"self":[{"href":"https:\/\/comdep.com.br\/index.php?rest_route=\/wp\/v2\/posts\/2041"}],"collection":[{"href":"https:\/\/comdep.com.br\/index.php?rest_route=\/wp\/v2\/posts"}],"about":[{"href":"https:\/\/comdep.com.br\/index.php?rest_route=\/wp\/v2\/types\/post"}],"author":[{"embeddable":true,"href":"https:\/\/comdep.com.br\/index.php?rest_route=\/wp\/v2\/users\/1"}],"replies":[{"embeddable":true,"href":"https:\/\/comdep.com.br\/index.php?rest_route=%2Fwp%2Fv2%2Fcomments&post=2041"}],"version-history":[{"count":2,"href":"https:\/\/comdep.com.br\/index.php?rest_route=\/wp\/v2\/posts\/2041\/revisions"}],"predecessor-version":[{"id":2044,"href":"https:\/\/comdep.com.br\/index.php?rest_route=\/wp\/v2\/posts\/2041\/revisions\/2044"}],"wp:featuredmedia":[{"embeddable":true,"href":"https:\/\/comdep.com.br\/index.php?rest_route=\/wp\/v2\/media\/2043"}],"wp:attachment":[{"href":"https:\/\/comdep.com.br\/index.php?rest_route=%2Fwp%2Fv2%2Fmedia&parent=2041"}],"wp:term":[{"taxonomy":"category","embeddable":true,"href":"https:\/\/comdep.com.br\/index.php?rest_route=%2Fwp%2Fv2%2Fcategories&post=2041"},{"taxonomy":"post_tag","embeddable":true,"href":"https:\/\/comdep.com.br\/index.php?rest_route=%2Fwp%2Fv2%2Ftags&post=2041"}],"curies":[{"name":"wp","href":"https:\/\/api.w.org\/{rel}","templated":true}]}}