{"id":2091,"date":"2019-12-06T12:17:28","date_gmt":"2019-12-06T15:17:28","guid":{"rendered":"http:\/\/comdep.com.br\/?p=2091"},"modified":"2019-12-06T12:41:17","modified_gmt":"2019-12-06T15:41:17","slug":"comdep-trabalhando-hoje-06-12-2019-nos-seguintes-locais","status":"publish","type":"post","link":"https:\/\/comdep.com.br\/?p=2091","title":{"rendered":"COMDEP trabalhando hoje 06\/12\/2019 nos seguintes locais:"},"content":{"rendered":"<p><strong>Distrito<\/strong><\/p>\n<p><strong>Ro\u00e7ada e capina<\/strong>: continua\u00e7\u00e3o Madame Machado &nbsp;*<\/p>\n<p><strong>M\u00e1quina e caminh\u00f5es<\/strong>: continua\u00e7\u00e3o Castelo S\u00e3o Manoel &nbsp;*<\/p>\n<p><strong>Varri\u00e7\u00e3o di\u00e1ria<\/strong>: Corr\u00eaas, Nogueiras, Araras, Itaipava, Madame Machado, Vila Rica, Pedro do Rio, Secret\u00e1rio *<\/p>\n<p><strong>Diretoria Operacional<\/strong><\/p>\n<p><strong>Varri\u00e7\u00e3o<\/strong>: Centro, Centro Hist\u00f3rico, pra\u00e7a da liberdade, Pal\u00e1cio de cristal, Mosela, Bingen e Capela *<\/p>\n<p><strong>Caminh\u00e3o (C55) Pipa lavagem<\/strong>: Centro, Centro Hist\u00f3rico, pra\u00e7a Alcindo Sodr\u00e9 atr\u00e1s da banca de jornal ap\u00f3s verificando o chafariz da pra\u00e7a da Inconfid\u00eancia *<\/p>\n<p><strong>Caminh\u00e3o (i02) Pipa<\/strong>: Completando o chafariz da pra\u00e7a de Cascatinha *<\/p>\n<p><strong>Caminh\u00e3o (C20) recolhimento de sacos de varri\u00e7\u00e3o<\/strong>: Quitandinha, coronel Veiga, Alto da Serra, Morim, Centro, Centro Hist\u00f3rico e Bingen *<\/p>\n<p><strong>Varri\u00e7\u00e3o<\/strong>: feira livre da rua Francisco Manoel *<\/p>\n<p><strong>Limpeza de rio<\/strong>: Crist\u00f3v\u00e3o Colombo &nbsp;*<\/p>\n<p><strong>Capina<\/strong>: Rua Santos Dumont, Rua Chile, Bar\u00e3o do Rio Branco, Piabanha, Rua H\u00e9lion P\u00f3voa, Rua Michel Salomoni, Rua Bahia, Rua Piau\u00ed, Rua Jorge Justen, rua Tenente Queiroz, rua \u00c1lvaro Lopes de Castro, Vale dos Esquilos, Caminho D&#8217;ouro, Bairro Castrioto, Dr. Thouzet, Apoio ao jardim, Olga Castrioto &nbsp;*<\/p>\n<p><strong>Ro\u00e7ada<\/strong>: Duarte da Silveira, Comunidade do Fragoso, Rua Infante Dom Henrique, Capela &nbsp;*<\/p>\n<p><strong>M\u00e1quinas e caminh\u00f5es<\/strong>: Morim, Independ\u00eancia, Valpara\u00edso, Bingen, Capela Duarte da Silveira &nbsp;*<\/p>\n<p><strong>Caminh\u00e3o Poli Guindaste<\/strong>: Independ\u00eancia &nbsp;*<\/p>\n<p><strong>Caminh\u00e3o D 08<\/strong>: Benjamim Constant, Centro Hist\u00f3rico, Piabanha, Bar\u00e3o do Rio Branco, Dr. S\u00e1 Earp, Albino Siqueira, Crist\u00f3v\u00e3o Colombo, Olavo Bilac, Conde D&#8217;Eu, General Rondon, Quitandinha, Coronel Veiga e Turmas &nbsp;*<\/p>\n<p><strong>Parques e Jardins<\/strong><\/p>\n<p><strong>Corte de grama<\/strong>: Roberto da Silveira pra\u00e7a da Conflu\u00eancia &nbsp;*<\/p>\n<p><strong>Jardim<\/strong>: Alfredo Pach\u00e1, Monsenhor Barcelar, Roberto da Silveira *<\/p>\n<p><strong>Caminh\u00e3o do jardim<\/strong>: recolhendo lixo verde Morin &nbsp;*<\/p>\n<p><strong>Kombi do jardim<\/strong>: transporte de ferramentas *<\/p>\n<p><strong>Diretoria de Obras<\/strong><\/p>\n<p><strong>Recupera\u00e7\u00e3o<\/strong> de base de uma coletora de 3 metros na Rua Floresta em frente ao n\u00ba 559, recupera\u00e7\u00e3o de base de um coletora de 2 metros na entrada da Servid\u00e3o Carlos Matos (Rua Henrique Paix\u00e3o, Floresta), constru\u00e7\u00e3o de base de 2 metros na Rua Dr Bonjean (pr\u00f3ximo ao n\u00ba 982, Bairro Esperan\u00e7a), instala\u00e7\u00e3o de uma cesta de 2 metros no Caxamb\u00fa, Sta Isabel, troca de 2 cestas na Estrada do Caxamb\u00fa, apoio na Comunidade Santa Rita, Buj\u00e3o (Bela Vista) *<\/p>\n<p><strong>Pintura<\/strong>: pintura de postes na Rua Tereza (continua\u00e7\u00e3o), Rua Washington Luiz (continua\u00e7\u00e3o) *<\/p>\n<p><strong>Carpintaria<\/strong>: Reforma e confec\u00e7\u00e3o de bancos e brinquedos de pra\u00e7as e parquinhos &nbsp;&nbsp;*<\/p>\n<p><strong>El\u00e9trica<\/strong>: Manuten\u00e7\u00e3o nos chafarizes do Centro Hist\u00f3rico (aten\u00e7\u00e3o especial para os seguintes chafarizes: pra\u00e7a de cascatinha e pra\u00e7a da Inconfid\u00eancia, &nbsp;PSF Boa Vista (a\u00e7\u00e3o social na Estrada da Saudade) *<\/p>\n<p><strong>Serralheria<\/strong>: Confec\u00e7\u00e3o de cestas de coletoras na cia, Comunidade Sta Rita, Buj\u00e3o (Bela Vista) *<\/p>\n<p><strong>Eventos<\/strong><\/p>\n<p><strong>Para<\/strong> o dia 06\/12 Montar 1 barraca na Rua Monsenhor Barcelar n\u00ba 569 *<\/p>\n<p><strong>Montar<\/strong> 6 barracas na Vila Militar anivers\u00e1rio do 32 Batalh\u00e3o *<\/p>\n<p><strong>Retirar<\/strong> barraca na pra\u00e7a D Pedro *<\/p>\n<p><strong>E manuten\u00e7\u00e3o<\/strong> no material e qualquer solicita\u00e7\u00e3o da presid\u00eancia da Previd\u00eancia *<\/p>\n<p><strong>Montar<\/strong> 7 barracas no PSF Boa Vista *<\/p>\n<p><strong>Festa<\/strong> do Batalh\u00e3o de Infantaria cancelada *<\/p>\n<p><strong>Transportar<\/strong> 10 barris de lixo. Deguste *<\/p>\n","protected":false},"excerpt":{"rendered":"<p>Distrito Ro\u00e7ada e capina: continua\u00e7\u00e3o Madame Machado &nbsp;* M\u00e1quina e caminh\u00f5es: continua\u00e7\u00e3o Castelo S\u00e3o Manoel &nbsp;* Varri\u00e7\u00e3o di\u00e1ria: Corr\u00eaas, Nogueiras, Araras, Itaipava, Madame Machado, Vila Rica, Pedro do Rio, Secret\u00e1rio * Diretoria Operacional Varri\u00e7\u00e3o: Centro, Centro Hist\u00f3rico, pra\u00e7a da liberdade, Pal\u00e1cio de cristal, Mosela, Bingen e Capela * Caminh\u00e3o (C55) Pipa lavagem: Centro, Centro Hist\u00f3rico,&hellip;<\/p>\n","protected":false},"author":1,"featured_media":2093,"comment_status":"open","ping_status":"open","sticky":false,"template":"","format":"standard","meta":{"_themeisle_gutenberg_block_has_review":false,"footnotes":""},"categories":[1],"tags":[],"_links":{"self":[{"href":"https:\/\/comdep.com.br\/index.php?rest_route=\/wp\/v2\/posts\/2091"}],"collection":[{"href":"https:\/\/comdep.com.br\/index.php?rest_route=\/wp\/v2\/posts"}],"about":[{"href":"https:\/\/comdep.com.br\/index.php?rest_route=\/wp\/v2\/types\/post"}],"author":[{"embeddable":true,"href":"https:\/\/comdep.com.br\/index.php?rest_route=\/wp\/v2\/users\/1"}],"replies":[{"embeddable":true,"href":"https:\/\/comdep.com.br\/index.php?rest_route=%2Fwp%2Fv2%2Fcomments&post=2091"}],"version-history":[{"count":2,"href":"https:\/\/comdep.com.br\/index.php?rest_route=\/wp\/v2\/posts\/2091\/revisions"}],"predecessor-version":[{"id":2094,"href":"https:\/\/comdep.com.br\/index.php?rest_route=\/wp\/v2\/posts\/2091\/revisions\/2094"}],"wp:featuredmedia":[{"embeddable":true,"href":"https:\/\/comdep.com.br\/index.php?rest_route=\/wp\/v2\/media\/2093"}],"wp:attachment":[{"href":"https:\/\/comdep.com.br\/index.php?rest_route=%2Fwp%2Fv2%2Fmedia&parent=2091"}],"wp:term":[{"taxonomy":"category","embeddable":true,"href":"https:\/\/comdep.com.br\/index.php?rest_route=%2Fwp%2Fv2%2Fcategories&post=2091"},{"taxonomy":"post_tag","embeddable":true,"href":"https:\/\/comdep.com.br\/index.php?rest_route=%2Fwp%2Fv2%2Ftags&post=2091"}],"curies":[{"name":"wp","href":"https:\/\/api.w.org\/{rel}","templated":true}]}}