{"id":2100,"date":"2019-12-07T13:49:08","date_gmt":"2019-12-07T16:49:08","guid":{"rendered":"http:\/\/comdep.com.br\/?p=2100"},"modified":"2019-12-07T13:50:56","modified_gmt":"2019-12-07T16:50:56","slug":"comdep-trabalhando-hoje-07-12-2019-nos-seguintes-locais","status":"publish","type":"post","link":"https:\/\/comdep.com.br\/?p=2100","title":{"rendered":"COMDEP trabalhando hoje 07\/12\/2019 nos seguintes locais:"},"content":{"rendered":"<p><strong>Eventos<\/strong><\/p>\n<p><strong>Montar<\/strong> 6barracas pra\u00e7a Alcindo Sodr\u00e9,&nbsp; Quissam\u00e3 ao lado da Barbearia Fluminense&nbsp; 1 barraca, retirar 5 barracas no Inea rua Buenos Aires,&nbsp; retirar 4 barracas pol\u00edcia militar *<\/p>\n<p><strong>Diretoria Operacional<\/strong><\/p>\n<p><strong>Capina<\/strong>: Rua Oscar weinschenck, rua Ang\u00e9lica Lopes de Castro, Rua M\u00e9xico, rua Domingos Silv\u00e9rio &nbsp;*<\/p>\n<p><strong>M\u00e1quina e caminh\u00f5es<\/strong>: S\u00e3o Sebasti\u00e3o, Dr. Thouzet, Chapa 4 &nbsp;*<\/p>\n<p><strong>Caminh\u00e3o D 08<\/strong>: Pra\u00e7a da Mosela, General Rondon, Quitandinha, Coronel Veiga, Washington Luiz, Centro Hist\u00f3rico, Piabanha, Bar\u00e3o do Rio Branco, Rua Teresa, Dr. S\u00e1 Earp Morim, Crist\u00f3v\u00e3o Colombo, Conde D&#8217;eu e Turmas *<\/p>\n<p><strong>Distrito<\/strong><\/p>\n<p><strong>Ro\u00e7ada e capina<\/strong>: Alameda Aclima\u00e7\u00e3o &nbsp;*<\/p>\n<p><strong>M\u00e1quina e caminh\u00f5es<\/strong>: continua\u00e7\u00e3o Castelo S\u00e3o Manoel &nbsp;*<\/p>\n<p><strong>Varri\u00e7\u00e3o di\u00e1ria<\/strong>: Corr\u00eaas, Nogueiras, Araras, Itaipava, Madame Machado, Vila Rica, Pedro do Rio, Secret\u00e1rio *<\/p>\n<p><strong>Diretoria de Limpeza Urbana<\/strong><\/p>\n<p><strong>Varri\u00e7\u00e3o<\/strong>: Quitandinha, General Rondon, coronel Veiga, Castel\u00e2nea, pra\u00e7a Pasteur, Alto da Serra e Morin *<\/p>\n<p><strong>Varri\u00e7\u00e3o<\/strong>: feira livre do Centro *<\/p>\n<p><strong>(03) funcion\u00e1rios<\/strong> trabalhando na feira livre do Centro, na retirada de res\u00edduos debaixo das bancas. *<\/p>\n<p><strong>Limpeza<\/strong> na A\u00e7\u00e3o Social no PSF Boa Vista (conforme o of\u00edcio n\u00b0 2463\/2019 *<\/p>\n<p><strong>Caminh\u00e3o (C55) Pipa lavagem<\/strong>: Centro, Centro Hist\u00f3rico, pra\u00e7a Alcindo Sodr\u00e9 atr\u00e1s da banca de jornal *<\/p>\n<p><strong>Caminh\u00e3o (C20) recolhimento de sacos de varri\u00e7\u00e3o<\/strong>: Quitandinha, Coronel Veiga, Centro, Centro Hist\u00f3rico e Bingen *<\/p>\n<p><strong>(06) funcion\u00e1rios<\/strong> trabalhando na limpeza da pra\u00e7a da liberdade e Pal\u00e1cio de cristal (d\u00e1s 12:00 at\u00e9 18:00) Natal imperial *<\/p>\n<p><strong>Limpeza<\/strong>: pra\u00e7a da \u00c1guia (Degust) . Conforme o of\u00edcio n\u00b0 66348 *<\/p>\n","protected":false},"excerpt":{"rendered":"<p>Eventos Montar 6barracas pra\u00e7a Alcindo Sodr\u00e9,&nbsp; Quissam\u00e3 ao lado da Barbearia Fluminense&nbsp; 1 barraca, retirar 5 barracas no Inea rua Buenos Aires,&nbsp; retirar 4 barracas pol\u00edcia militar * Diretoria Operacional Capina: Rua Oscar weinschenck, rua Ang\u00e9lica Lopes de Castro, Rua M\u00e9xico, rua Domingos Silv\u00e9rio &nbsp;* M\u00e1quina e caminh\u00f5es: S\u00e3o Sebasti\u00e3o, Dr. Thouzet, Chapa 4 &nbsp;*&hellip;<\/p>\n","protected":false},"author":1,"featured_media":2102,"comment_status":"open","ping_status":"open","sticky":false,"template":"","format":"standard","meta":{"_themeisle_gutenberg_block_has_review":false,"footnotes":""},"categories":[1],"tags":[],"_links":{"self":[{"href":"https:\/\/comdep.com.br\/index.php?rest_route=\/wp\/v2\/posts\/2100"}],"collection":[{"href":"https:\/\/comdep.com.br\/index.php?rest_route=\/wp\/v2\/posts"}],"about":[{"href":"https:\/\/comdep.com.br\/index.php?rest_route=\/wp\/v2\/types\/post"}],"author":[{"embeddable":true,"href":"https:\/\/comdep.com.br\/index.php?rest_route=\/wp\/v2\/users\/1"}],"replies":[{"embeddable":true,"href":"https:\/\/comdep.com.br\/index.php?rest_route=%2Fwp%2Fv2%2Fcomments&post=2100"}],"version-history":[{"count":2,"href":"https:\/\/comdep.com.br\/index.php?rest_route=\/wp\/v2\/posts\/2100\/revisions"}],"predecessor-version":[{"id":2103,"href":"https:\/\/comdep.com.br\/index.php?rest_route=\/wp\/v2\/posts\/2100\/revisions\/2103"}],"wp:featuredmedia":[{"embeddable":true,"href":"https:\/\/comdep.com.br\/index.php?rest_route=\/wp\/v2\/media\/2102"}],"wp:attachment":[{"href":"https:\/\/comdep.com.br\/index.php?rest_route=%2Fwp%2Fv2%2Fmedia&parent=2100"}],"wp:term":[{"taxonomy":"category","embeddable":true,"href":"https:\/\/comdep.com.br\/index.php?rest_route=%2Fwp%2Fv2%2Fcategories&post=2100"},{"taxonomy":"post_tag","embeddable":true,"href":"https:\/\/comdep.com.br\/index.php?rest_route=%2Fwp%2Fv2%2Ftags&post=2100"}],"curies":[{"name":"wp","href":"https:\/\/api.w.org\/{rel}","templated":true}]}}