{"id":2108,"date":"2019-12-09T11:17:50","date_gmt":"2019-12-09T14:17:50","guid":{"rendered":"http:\/\/comdep.com.br\/?p=2108"},"modified":"2019-12-09T11:23:56","modified_gmt":"2019-12-09T14:23:56","slug":"comdep-trabalhando-hoje-09-12-2019-nos-seguintes-locais","status":"publish","type":"post","link":"https:\/\/comdep.com.br\/?p=2108","title":{"rendered":"COMDEP trabalhando hoje 09\/12\/2019 nos seguintes locais:"},"content":{"rendered":"<p><strong>Diretoria de Limpeza P\u00fablica<\/strong><\/p>\n<p><strong>Varri\u00e7\u00e3o (das 07:00 at\u00e9 11:00) turma da manh\u00e3<\/strong>: Centro, centro hist\u00f3rico, pra\u00e7a da liberdade, 13 de maio, Rua Teresa, Mosela, Bingen, Quitandinha, Castel\u00e2nea, pra\u00e7a Pasteur, Alto da Serra, Itamarati, Quissam\u00e3 e Cascatinha *<\/p>\n<p><strong>Varri\u00e7\u00e3o<\/strong>: feira livre do Alto da Serra *<\/p>\n<p><strong>(03) funcion\u00e1rios<\/strong> trabalhando na feira livre do Alto da Serra na retirada de res\u00edduos debaixo das bancas *<\/p>\n<p><strong>(06) funcion\u00e1rios<\/strong> trabalhando na limpeza da pra\u00e7a da liberdade e Pal\u00e1cio de cristal (d\u00e1s 12:00 at\u00e9 18:00) Natal imperial *<\/p>\n<p><strong>Caminh\u00e3o (D08) recolhimento de sacos de varri\u00e7\u00e3o:<\/strong> Quitandinha, Coronel Veiga, Centro, centro hist\u00f3rico e Bingen *<\/p>\n<p><strong>Varri\u00e7\u00e3o (das 14:00 at\u00e9 18:00) turma da tarde<\/strong>: Centro, centro hist\u00f3rico e Rua Teresa *<\/p>\n<p><strong>Varri\u00e7\u00e3o (das 17:00 at\u00e9 22:09) turma da noite<\/strong>: Centro, centro hist\u00f3rico, pra\u00e7a da liberdade, Pal\u00e1cio de cristal, 13 de maio e Rua Teresa *<\/p>\n<p><strong>Varri\u00e7\u00e3o<\/strong>: Centro hist\u00f3rico , pra\u00e7a da liberdade , 13 de maio e Pal\u00e1cio de Cristal *<\/p>\n<p><strong>Varri\u00e7\u00e3o<\/strong>: Centro , centro hist\u00f3rico , pra\u00e7a da liberdade , Pal\u00e1cio de cristal e 13 de maio ( turma da noite) *<\/p>\n<p><strong>Varri\u00e7\u00e3o<\/strong> ( centro da cidade, Degust e adjac\u00eancias ) &#8211; turma da manh\u00e3 *<\/p>\n","protected":false},"excerpt":{"rendered":"<p>Diretoria de Limpeza P\u00fablica Varri\u00e7\u00e3o (das 07:00 at\u00e9 11:00) turma da manh\u00e3: Centro, centro hist\u00f3rico, pra\u00e7a da liberdade, 13 de maio, Rua Teresa, Mosela, Bingen, Quitandinha, Castel\u00e2nea, pra\u00e7a Pasteur, Alto da Serra, Itamarati, Quissam\u00e3 e Cascatinha * Varri\u00e7\u00e3o: feira livre do Alto da Serra * (03) funcion\u00e1rios trabalhando na feira livre do Alto da Serra&hellip;<\/p>\n","protected":false},"author":1,"featured_media":2110,"comment_status":"open","ping_status":"open","sticky":false,"template":"","format":"standard","meta":{"_themeisle_gutenberg_block_has_review":false,"footnotes":""},"categories":[1],"tags":[],"_links":{"self":[{"href":"https:\/\/comdep.com.br\/index.php?rest_route=\/wp\/v2\/posts\/2108"}],"collection":[{"href":"https:\/\/comdep.com.br\/index.php?rest_route=\/wp\/v2\/posts"}],"about":[{"href":"https:\/\/comdep.com.br\/index.php?rest_route=\/wp\/v2\/types\/post"}],"author":[{"embeddable":true,"href":"https:\/\/comdep.com.br\/index.php?rest_route=\/wp\/v2\/users\/1"}],"replies":[{"embeddable":true,"href":"https:\/\/comdep.com.br\/index.php?rest_route=%2Fwp%2Fv2%2Fcomments&post=2108"}],"version-history":[{"count":1,"href":"https:\/\/comdep.com.br\/index.php?rest_route=\/wp\/v2\/posts\/2108\/revisions"}],"predecessor-version":[{"id":2109,"href":"https:\/\/comdep.com.br\/index.php?rest_route=\/wp\/v2\/posts\/2108\/revisions\/2109"}],"wp:featuredmedia":[{"embeddable":true,"href":"https:\/\/comdep.com.br\/index.php?rest_route=\/wp\/v2\/media\/2110"}],"wp:attachment":[{"href":"https:\/\/comdep.com.br\/index.php?rest_route=%2Fwp%2Fv2%2Fmedia&parent=2108"}],"wp:term":[{"taxonomy":"category","embeddable":true,"href":"https:\/\/comdep.com.br\/index.php?rest_route=%2Fwp%2Fv2%2Fcategories&post=2108"},{"taxonomy":"post_tag","embeddable":true,"href":"https:\/\/comdep.com.br\/index.php?rest_route=%2Fwp%2Fv2%2Ftags&post=2108"}],"curies":[{"name":"wp","href":"https:\/\/api.w.org\/{rel}","templated":true}]}}