{"id":2111,"date":"2019-12-09T11:59:34","date_gmt":"2019-12-09T14:59:34","guid":{"rendered":"http:\/\/comdep.com.br\/?p=2111"},"modified":"2019-12-09T12:11:08","modified_gmt":"2019-12-09T15:11:08","slug":"comdep-trabalhando-hoje-09-12-2019-nos-seguintes-locais-2","status":"publish","type":"post","link":"https:\/\/comdep.com.br\/?p=2111","title":{"rendered":"COMDEP trabalhando hoje 09\/12\/2019 nos seguintes locais:"},"content":{"rendered":"<p><strong>Distrito<\/strong><\/p>\n<p><strong>Ro\u00e7ada e capina:<\/strong> Catubira *<\/p>\n<p><strong>M\u00e1quina e caminh\u00e3o<\/strong>: continua\u00e7\u00e3o Castelo S\u00e3o Manoel&nbsp; *<\/p>\n<p><strong>Varri\u00e7\u00e3o di\u00e1ria<\/strong>: Corr\u00eaas, Nogueiras, Araras, Itaipava, Madame Machado, Vila Rica, Pedro do Rio, Secret\u00e1rio *<\/p>\n<p><strong>Diretoria Operacional<\/strong><\/p>\n<p><strong>Varri\u00e7\u00e3o:<\/strong> Quarteir\u00e3o Brasileiro, Retiro, Carangola, Roseiral, Cascatinha, Fonseca Ramos e Centro &nbsp;*<\/p>\n<p><strong>Caminh\u00e3o (C55) Pipa lavagem<\/strong>: Centro, Centro Hist\u00f3rico, pra\u00e7a Alcindo Sodr\u00e9 atr\u00e1s da banca de jornal ap\u00f3s verificando o chafariz da Pra\u00e7a da Liberdade *<\/p>\n<p><strong>Caminh\u00e3o (C20) recolhimento de sacos de varri\u00e7\u00e3o:<\/strong> Quitandinha, Coronel Veiga, pra\u00e7a Pasteur, Alto da Serra, Morin, Centro, centro hist\u00f3rico, Cascatinha e Bingen *<\/p>\n<p><strong>Limpeza de rio<\/strong>: Rua Crist\u00f3v\u00e3o Colombo &nbsp;*<\/p>\n<p><strong>Capina<\/strong>: Rua Teresa, Bar\u00e3o do Rio Branco, Rua Saldanha Marinho, Rua H\u00e9lion P\u00f3voa, Rua Michel Salomoni, Rua Bahia, Rua Jorge Justen, Rua Tenente Queiroz (Valpara\u00edso), Rua \u00c1lvaro Lopes de Castro, Rua Fernandes Vieira, Caminho D&#8217;ouro, Centen\u00e1rio, Rua Francisco Belo, Av. Estados Unidos (Bob Cat), Olga Castrioto &nbsp;*<\/p>\n<p><strong>Ro\u00e7ada<\/strong>: Infante Dom Henrique, Comunidade do Fragoso, Duarte da Silveira &nbsp;*<\/p>\n<p><strong>M\u00e1quinas e caminh\u00f5es<\/strong>: independ\u00eancia, Alto da Derrubada, Moinho Preto, Jo\u00e3o Xavier &nbsp;*<\/p>\n<p><strong>Caminh\u00e3o Poli Guindaste<\/strong>: Independ\u00eancia *<\/p>\n<p><strong>Caminh\u00e3o D 08:<\/strong> General Rondon, Quitandinha, Coronel Veiga, Centro Hist\u00f3rico, Piabanha, Bar\u00e3o do Rio Branco, Rua Valdemar Ferreira da Silva, Dr. S\u00e1 Earp, Morim, Crist\u00f3v\u00e3o Colombo, Olavo Bilac, Conde D&#8217;eu e Turmas *<\/p>\n<p><strong>Parques e Jardins<\/strong><\/p>\n<p><strong>Corte grama<\/strong>: Fazendinha &nbsp;*<\/p>\n<p><strong>Jardim<\/strong>: Roberto da Silveira Pra\u00e7a 14 Bis Avenida Koeler &nbsp;*<\/p>\n<p><strong>Caminh\u00e3o do jardim<\/strong>: transporte de ferramentas e recolher lixo verde casa Bar\u00e3o de Mau\u00e1 e horto do Bingen *<\/p>\n<p><strong>Kombi do jardim:<\/strong> transporte de ferramentas *<\/p>\n<p><strong>Corte de \u00e1rvores:<\/strong> Luiz de Cam\u00f5es, Mosela, Fazenda Inglesa *<\/p>\n<p><strong>Diretoria de Obras<\/strong><\/p>\n<p><strong>Obras<\/strong>: retirar uma cesta que est\u00e1 caindo na Rua Minas Gerais, recuperar base de coletora Floresta 559, recupera\u00e7\u00e3o de coletora na Servid\u00e3o Carlos Matos (Floresta), constru\u00e7\u00e3o de base de 2 metros, rua dr. Bonjean 982 (Provis\u00f3ria), instala\u00e7\u00e3o de 2 bancos na pra\u00e7a, Rua Dr. Bonjean, Comunidade Santa Rita, Buj\u00e3o (Bela Vista) *<\/p>\n<p><strong>Serralheria<\/strong>: confec\u00e7\u00e3o de cestas de coletoras na cia, Comunidade Santa Rita, Buj\u00e3o (Bela Vista),recupera\u00e7\u00e3o do parquinho de cima na Mosela *<\/p>\n<p><strong>Pintura<\/strong>: pintura de muro na Rua Carlos Magalh\u00e3es Bastos (Duchas),Rua Tereza (continua\u00e7\u00e3o), balaustres na Ponte dos Fones *<\/p>\n<p><strong>El\u00e9trica<\/strong>: desmontar a\u00e7\u00e3o social, no PSF, do Boa Vista (Est. da Saudade), manuten\u00e7\u00e3o em chafarizes do Centro Hist\u00f3rico *<\/p>\n<p><strong>Carpintaria<\/strong>: manuten\u00e7\u00e3o no parque de exposi\u00e7\u00e3o *<\/p>\n<p><strong>Capina e ro\u00e7ada<\/strong>: Luiz Salom\u00e3o Viana *<\/p>\n<p><strong>Capina e limpeza de ralos<\/strong>: Nilo Pe\u00e7anha e Bar\u00e3o de Teff\u00e9 (Conserva Centro) *<\/p>\n","protected":false},"excerpt":{"rendered":"<p>Distrito Ro\u00e7ada e capina: Catubira * M\u00e1quina e caminh\u00e3o: continua\u00e7\u00e3o Castelo S\u00e3o Manoel&nbsp; * Varri\u00e7\u00e3o di\u00e1ria: Corr\u00eaas, Nogueiras, Araras, Itaipava, Madame Machado, Vila Rica, Pedro do Rio, Secret\u00e1rio * Diretoria Operacional Varri\u00e7\u00e3o: Quarteir\u00e3o Brasileiro, Retiro, Carangola, Roseiral, Cascatinha, Fonseca Ramos e Centro &nbsp;* Caminh\u00e3o (C55) Pipa lavagem: Centro, Centro Hist\u00f3rico, pra\u00e7a Alcindo Sodr\u00e9 atr\u00e1s da&hellip;<\/p>\n","protected":false},"author":1,"featured_media":2113,"comment_status":"open","ping_status":"open","sticky":false,"template":"","format":"standard","meta":{"_themeisle_gutenberg_block_has_review":false,"footnotes":""},"categories":[1],"tags":[],"_links":{"self":[{"href":"https:\/\/comdep.com.br\/index.php?rest_route=\/wp\/v2\/posts\/2111"}],"collection":[{"href":"https:\/\/comdep.com.br\/index.php?rest_route=\/wp\/v2\/posts"}],"about":[{"href":"https:\/\/comdep.com.br\/index.php?rest_route=\/wp\/v2\/types\/post"}],"author":[{"embeddable":true,"href":"https:\/\/comdep.com.br\/index.php?rest_route=\/wp\/v2\/users\/1"}],"replies":[{"embeddable":true,"href":"https:\/\/comdep.com.br\/index.php?rest_route=%2Fwp%2Fv2%2Fcomments&post=2111"}],"version-history":[{"count":2,"href":"https:\/\/comdep.com.br\/index.php?rest_route=\/wp\/v2\/posts\/2111\/revisions"}],"predecessor-version":[{"id":2114,"href":"https:\/\/comdep.com.br\/index.php?rest_route=\/wp\/v2\/posts\/2111\/revisions\/2114"}],"wp:featuredmedia":[{"embeddable":true,"href":"https:\/\/comdep.com.br\/index.php?rest_route=\/wp\/v2\/media\/2113"}],"wp:attachment":[{"href":"https:\/\/comdep.com.br\/index.php?rest_route=%2Fwp%2Fv2%2Fmedia&parent=2111"}],"wp:term":[{"taxonomy":"category","embeddable":true,"href":"https:\/\/comdep.com.br\/index.php?rest_route=%2Fwp%2Fv2%2Fcategories&post=2111"},{"taxonomy":"post_tag","embeddable":true,"href":"https:\/\/comdep.com.br\/index.php?rest_route=%2Fwp%2Fv2%2Ftags&post=2111"}],"curies":[{"name":"wp","href":"https:\/\/api.w.org\/{rel}","templated":true}]}}