{"id":2121,"date":"2019-12-10T13:01:57","date_gmt":"2019-12-10T16:01:57","guid":{"rendered":"http:\/\/comdep.com.br\/?p=2121"},"modified":"2019-12-10T14:24:49","modified_gmt":"2019-12-10T17:24:49","slug":"comdep-trabalhando-hoje-10-12-2019-nos-seguintes-locais","status":"publish","type":"post","link":"https:\/\/comdep.com.br\/?p=2121","title":{"rendered":"COMDEP trabalhando hoje 10\/12\/2019 nos seguintes locais:"},"content":{"rendered":"<p><strong>Distrito<\/strong><\/p>\n<p><strong>Ro\u00e7ada e capina:<\/strong> continua\u00e7\u00e3o Estrada do Catubira, Parque de Exposi\u00e7\u00e3o &nbsp;*<\/p>\n<p><strong>M\u00e1quina e caminh\u00f5es:<\/strong> continua\u00e7\u00e3o Castelo S\u00e3o Manoel &nbsp;*<\/p>\n<p><strong>Varri\u00e7\u00e3o di\u00e1ria:<\/strong> Corr\u00eaas, Nogueiras, Araras, Itaipava, Madame Machado, Vila Rica, Pedro do Rio, Secret\u00e1rio *<\/p>\n<p><strong>Diretoria Operacional<\/strong><\/p>\n<p><strong>Varri\u00e7\u00e3o:<\/strong> Cascatinha, Boa Vista, Estrada da Saudade, Fonseca Ramos, Ipiranga, 13 de maio, Valpara\u00edso e Mosela *<\/p>\n<p><strong>Varri\u00e7\u00e3o<\/strong>: feira livre do Centro *<\/p>\n<p><strong>(03) funcion\u00e1rios<\/strong> trabalhando na feira livre do Centro, na retirada de res\u00edduos debaixo das bancas *<\/p>\n<p><strong>Caminh\u00e3o (C55) Pipa lavagem:<\/strong> Centro, Centro Hist\u00f3rico, pra\u00e7a Alcindo Sodr\u00e9 atr\u00e1s da banca de jornal ap\u00f3s lavando o chafariz da pra\u00e7a da Inconfid\u00eancia *<\/p>\n<p><strong>Caminh\u00e3o (C20) recolhimento de sacos de varri\u00e7\u00e3o:<\/strong> Quitandinha, Coronel Veiga, Alto da Serra, Morin, Centro, Centro Hist\u00f3rico e Bingen *<\/p>\n<p><strong>Limpeza de rio:<\/strong> rua Coronel Batista (Alto da Serra) *<\/p>\n<p><strong>Capina<\/strong>: Rua Santos Dumont, Travessa Valeriana Jorge, Rua Teresa, Bar\u00e3o do Rio Branco, Saldanha Marinho, Crist\u00f3v\u00e3o Colombo, Ladeira Rocha Miranda, Bar\u00e3o de Triunfo, Rua Esp\u00edrito Santo, rua Jorge Justen, Rua Jo\u00e3o Stagnolli, Rua Marciano Magalh\u00e3es, Rua Fernandes Vieira, Caminho D&#8217;ouro, Centen\u00e1rio, Av. Estados Unidos, (Bob Cat), Olga Castrioto &nbsp;*<\/p>\n<p><strong>Ro\u00e7ada<\/strong>: Duarte da Silveira, Comunidade do Fragoso, Rua Infante Dom Henrique &nbsp;*<\/p>\n<p><strong>M\u00e1quinas e Caminh\u00f5es<\/strong>: Rua S\u00e3o Norberto, Rua Salvador da Costa Alves, Alto da Derrubada, Moinho Preto, Jo\u00e3o Xavier, Rua M\u00e1rio Gelli, Dias de Oliveira, Olavo Bilac, Crist\u00f3v\u00e3o Colombo, Albino Siqueira, Dr. S\u00e1 Earp, Souza Franco, Floriano Peixoto, Alberto Torres, Fonseca Ramos, Rua Quissam\u00e3, Silva Jardim, Rua H\u00e9lio Bitencourt, Casemiro de Abreu, Caxamb\u00fa &nbsp;*<\/p>\n<p><strong>Caminh\u00e3o D 08:<\/strong> &nbsp;General Rondon, Quitandinha, Coronel Veiga, Washington Luiz, Centro Hist\u00f3rico, Piabanha, Bar\u00e3o do Rio Branco, Dr. S\u00e1 Earp, Morim, Crist\u00f3v\u00e3o Colombo, Olavo Bilac, Conde D&#8217;eu e Turmas &nbsp;*<\/p>\n<p><strong>Parques e Jardins<\/strong><\/p>\n<p><strong>Servi\u00e7o de corte de \u00e1rvores<\/strong>: Fazenda Inglesa *<\/p>\n<p><strong>Corte de grama:<\/strong> Alberto de Oliveira reta de Itaipava jardim parque no Morin, Koeler Pra\u00e7a 14 Bis &nbsp;*<\/p>\n<p><strong>Caminh\u00e3o do jardim<\/strong>: recolher lixo no parque e Centro Hist\u00f3rico *<\/p>\n<p><strong>Kombi do jardim:<\/strong> transporte de ferramentas *<\/p>\n<p><strong>Diretoria de obras<\/strong><\/p>\n<p><strong>Obra<\/strong>s: instala\u00e7\u00e3o de cesta de 2 metros na rua Dr. Bonjean pr\u00f3ximo ao 982 (provis\u00f3ria), vazamento na secretaria de fazenda, constru\u00e7\u00e3o de um padr\u00e3o de luz no conselho tutelar (Souza Franco). *<\/p>\n<p><strong>Pintura<\/strong>: muro na Rua Carlos Magalh\u00e3es Bastos (Duchas), postes da Rua Tereza (continua\u00e7\u00e3o), balaustres na Ponte dos Fones (continua\u00e7\u00e3o) *<\/p>\n<p><strong>Carpintaria<\/strong>: Parque de Exposi\u00e7\u00e3o de Itaipava troca de banco e conserto de escorrega no conselho tutelar (Souza Franco) *<\/p>\n<p><strong>Serralheria<\/strong>: confec\u00e7\u00e3o de cestas de coletoras na cia, Comunidade Sta Rita, Buj\u00e3o (Bela Vista), recupera\u00e7\u00e3o do parquinho de cima (na Mosela). *<\/p>\n<p><strong>El\u00e9trica<\/strong>: lavar lago e limpeza de chafariz (Pra\u00e7a da Inconfid\u00eancia) e manuten\u00e7\u00e3o em chafarizes do Centro Hist\u00f3rico. *<\/p>\n<p><strong>Capina e ro\u00e7ada<\/strong>: Luiz Salom\u00e3o Viana (continua\u00e7\u00e3o) e Humberto Rovigatti *<\/p>\n<p><strong>Capina e limpeza de ralos<\/strong>: rua D. Pedro (conserva Centro) *<\/p>\n<p><strong>Eventos<\/strong><\/p>\n<p><strong>Montar<\/strong> 1 palco 3&#215;3 e 4 barracas na capela Santa Luzia Estrada das Arcas .3 barracas lar Santa Catarina Independ\u00eancia, o palco 3&#215;3 Quadra do Bonfim. 3 barracas rua Carvalho J\u00fanior n\u00ba 505 Corr\u00eaas * *<\/p>\n","protected":false},"excerpt":{"rendered":"<p>Distrito Ro\u00e7ada e capina: continua\u00e7\u00e3o Estrada do Catubira, Parque de Exposi\u00e7\u00e3o &nbsp;* M\u00e1quina e caminh\u00f5es: continua\u00e7\u00e3o Castelo S\u00e3o Manoel &nbsp;* Varri\u00e7\u00e3o di\u00e1ria: Corr\u00eaas, Nogueiras, Araras, Itaipava, Madame Machado, Vila Rica, Pedro do Rio, Secret\u00e1rio * Diretoria Operacional Varri\u00e7\u00e3o: Cascatinha, Boa Vista, Estrada da Saudade, Fonseca Ramos, Ipiranga, 13 de maio, Valpara\u00edso e Mosela * Varri\u00e7\u00e3o:&hellip;<\/p>\n","protected":false},"author":1,"featured_media":2123,"comment_status":"open","ping_status":"open","sticky":false,"template":"","format":"standard","meta":{"_themeisle_gutenberg_block_has_review":false,"footnotes":""},"categories":[1],"tags":[],"_links":{"self":[{"href":"https:\/\/comdep.com.br\/index.php?rest_route=\/wp\/v2\/posts\/2121"}],"collection":[{"href":"https:\/\/comdep.com.br\/index.php?rest_route=\/wp\/v2\/posts"}],"about":[{"href":"https:\/\/comdep.com.br\/index.php?rest_route=\/wp\/v2\/types\/post"}],"author":[{"embeddable":true,"href":"https:\/\/comdep.com.br\/index.php?rest_route=\/wp\/v2\/users\/1"}],"replies":[{"embeddable":true,"href":"https:\/\/comdep.com.br\/index.php?rest_route=%2Fwp%2Fv2%2Fcomments&post=2121"}],"version-history":[{"count":2,"href":"https:\/\/comdep.com.br\/index.php?rest_route=\/wp\/v2\/posts\/2121\/revisions"}],"predecessor-version":[{"id":2124,"href":"https:\/\/comdep.com.br\/index.php?rest_route=\/wp\/v2\/posts\/2121\/revisions\/2124"}],"wp:featuredmedia":[{"embeddable":true,"href":"https:\/\/comdep.com.br\/index.php?rest_route=\/wp\/v2\/media\/2123"}],"wp:attachment":[{"href":"https:\/\/comdep.com.br\/index.php?rest_route=%2Fwp%2Fv2%2Fmedia&parent=2121"}],"wp:term":[{"taxonomy":"category","embeddable":true,"href":"https:\/\/comdep.com.br\/index.php?rest_route=%2Fwp%2Fv2%2Fcategories&post=2121"},{"taxonomy":"post_tag","embeddable":true,"href":"https:\/\/comdep.com.br\/index.php?rest_route=%2Fwp%2Fv2%2Ftags&post=2121"}],"curies":[{"name":"wp","href":"https:\/\/api.w.org\/{rel}","templated":true}]}}