{"id":2125,"date":"2019-12-11T11:03:47","date_gmt":"2019-12-11T14:03:47","guid":{"rendered":"http:\/\/comdep.com.br\/?p=2125"},"modified":"2019-12-11T11:21:33","modified_gmt":"2019-12-11T14:21:33","slug":"comdep-trabalhando-hoje-11-12-2019-nos-seguintes-locais","status":"publish","type":"post","link":"https:\/\/comdep.com.br\/?p=2125","title":{"rendered":"COMDEP trabalhando hoje 11\/12\/2019 nos seguintes locais:"},"content":{"rendered":"<p><strong>Distrito<\/strong><\/p>\n<p><strong>Ro\u00e7ada e capina:<\/strong> Uni\u00e3o Ind\u00fastria, continua\u00e7\u00e3o Catubira &nbsp;*<\/p>\n<p><strong>M\u00e1quina e caminh\u00f5es<\/strong>: continua\u00e7\u00e3o Castelo S\u00e3o Manoel &nbsp;*<\/p>\n<p><strong>Varri\u00e7\u00e3o di\u00e1ria<\/strong>: Corr\u00eaas, Nogueiras, Araras, Itaipava, Madame Machado, Vila Rica, Pedro do Rio, Secret\u00e1rio *<\/p>\n<p><strong>Diretoria Operacional<\/strong><\/p>\n<p><strong>Limpeza de rio:<\/strong> Mosela &nbsp;*<\/p>\n<p><strong>Capina<\/strong>: Rua Santos Dumont, Travessa Valeriana Jorge, Rua Irineu Corr\u00eaa, Bar\u00e3o do Rio Branco, Olavo Bilac, Ladeira Rocha Miranda, Bar\u00e3o de Triunfo, rua Maranh\u00e3o, Esp\u00edrito Santo, Rua Jorge Winter, Jorge Guilherme, Rua S\u00e3o Norberto, rua Marciano Magalh\u00e3es, Rua Fernandes Vieira, Uni\u00e3o Ind\u00fastria, Centen\u00e1rio, Dr. Thouzet, Av. Estados Unidos, Olga Castrioto, Rua \u00c1lvaro Machado &nbsp;*<\/p>\n<p><strong>Ro\u00e7ada<\/strong>: Duarte da Silveira, Sim\u00e9ria, Mosela &nbsp;*<\/p>\n<p><strong>M\u00e1quinas e caminh\u00f5es<\/strong>: Vila Cristina, Paulino Afonso, Paulo Herv\u00ea, Jo\u00e3o Xavier, M\u00e1rio Gelli, Ant\u00f4nio Noel, dias de Oliveira, Casemiro de Abreu, Caxamb\u00fa, 14 Bis, Bartolomeu de Gusm\u00e3o, Bela Vista, Hercides Jos\u00e9 Estrela, Oliveira Bulh\u00f5es, Morro da Lenha, S\u00e3o Tom\u00e1s de Aquino, Retiro &nbsp;*<\/p>\n<p><strong>Caminh\u00e3o D 08<\/strong>: General Rondon, Quitandinha, Coronel Veiga, Washington Luiz, Centro Hist\u00f3rico, Piabanha, Bar\u00e3o do Rio Branco, Dr. S\u00e1 Earp, Morim, Albino Siqueira, Irineu Corr\u00eaa, Crist\u00f3v\u00e3o Colombo, Conde D&#8217;eu e Turmas &nbsp;*<\/p>\n<p><strong>Varri\u00e7\u00e3o<\/strong>: Quitandinha, General Rondon, Pontes do Fones, Olavo Bilac, Simeria, S\u00e3o Sebasti\u00e3o, Castel\u00e2nea, pra\u00e7a Pasteur, Euclides da Cunha e Alto da Serra *<\/p>\n<p><strong>Caminh\u00e3o (C55) Pipa lavagem<\/strong>: Centro, Centro Hist\u00f3rico, pra\u00e7a Alcindo Sodr\u00e9 atr\u00e1s da banca de jornal ap\u00f3s verificando o chafariz da pra\u00e7a do Bosque *<\/p>\n<p><strong>Caminh\u00e3o (C20) recolhimento de sacos de varri\u00e7\u00e3o<\/strong>: Quitandinha, Coronel Veiga, Alto da Serra, Morin, Centro, Centro Hist\u00f3rico e Bingen *<\/p>\n<p><strong>Parques e Jardins<\/strong><\/p>\n<p><strong>Corte de grama<\/strong>: Itaipava e Sim\u00e9ria &nbsp;*<\/p>\n<p><strong>Jardim<\/strong>: Sim\u00e9ria Avenida Koeler &nbsp;*<\/p>\n<p><strong>Caminh\u00e3o do jardim<\/strong>: recolher lixo verde Mosela sargento Boening &nbsp;*<\/p>\n<p><strong>Kombi do jardim<\/strong>: transporte de ferramentas *<\/p>\n<p><strong>Diretoria de Obras<\/strong><\/p>\n<p><strong>Obras<\/strong>: recuperar canteiro na Pra\u00e7a 14 Bis *<\/p>\n<p><strong>Instalar<\/strong> coletora na rua Professor Jo\u00e3o de Deus (Quarteir\u00e3o Brasileiro) *<\/p>\n<p><strong>Pintura<\/strong>: pintura balaustres da ponte dos fones (continua\u00e7\u00e3o), Travessa Augusto Fragoso *<\/p>\n<p><strong>Carpintaria<\/strong>: prepara\u00e7\u00e3o de pe\u00e7as para o parque no Lagoinha (Morin) instala\u00e7\u00e3o de lixeiras de poste no Parque de Exposi\u00e7\u00e3o *<\/p>\n<p><strong>Serralheria<\/strong>: recupera\u00e7\u00e3o do parquinho de cima, na Mosela (continua\u00e7\u00e3o), confec\u00e7\u00e3o de cestas de coletoras na cia, Comunidade Sta Rita, Buj\u00e3o (Bela Vista, continua\u00e7\u00e3o) vistoria no monumento na Pra\u00e7a 14 Bis *<\/p>\n<p><strong>El\u00e9trica<\/strong>: manuten\u00e7\u00e3o em chafarizes do Centro Hist\u00f3rico *<\/p>\n<p><strong>Capina e ro\u00e7ada:<\/strong> Humberto Rovigatti (continua\u00e7\u00e3o) *<\/p>\n<p><strong>Capina e limpeza de ralos<\/strong>: Rua D. Pedro (continua\u00e7\u00e3o), Rua Alberto Torres (Conserva Centro) *<\/p>\n<p><strong>Eventos<\/strong><\/p>\n<p><strong>Montar 1 palco<\/strong> e 4 barracas na Quadra do Sim\u00e9ria,1 palco 3&#215;6 na quadra de Cascatinha, 2 barracas no condom\u00ednio S\u00e9rgio Fadel *<\/p>\n<p><strong>E 8 barracas<\/strong> na quadra do Batailard *<\/p>\n","protected":false},"excerpt":{"rendered":"<p>Distrito Ro\u00e7ada e capina: Uni\u00e3o Ind\u00fastria, continua\u00e7\u00e3o Catubira &nbsp;* M\u00e1quina e caminh\u00f5es: continua\u00e7\u00e3o Castelo S\u00e3o Manoel &nbsp;* Varri\u00e7\u00e3o di\u00e1ria: Corr\u00eaas, Nogueiras, Araras, Itaipava, Madame Machado, Vila Rica, Pedro do Rio, Secret\u00e1rio * Diretoria Operacional Limpeza de rio: Mosela &nbsp;* Capina: Rua Santos Dumont, Travessa Valeriana Jorge, Rua Irineu Corr\u00eaa, Bar\u00e3o do Rio Branco, Olavo Bilac,&hellip;<\/p>\n","protected":false},"author":1,"featured_media":2127,"comment_status":"open","ping_status":"open","sticky":false,"template":"","format":"standard","meta":{"_themeisle_gutenberg_block_has_review":false,"footnotes":""},"categories":[1],"tags":[],"_links":{"self":[{"href":"https:\/\/comdep.com.br\/index.php?rest_route=\/wp\/v2\/posts\/2125"}],"collection":[{"href":"https:\/\/comdep.com.br\/index.php?rest_route=\/wp\/v2\/posts"}],"about":[{"href":"https:\/\/comdep.com.br\/index.php?rest_route=\/wp\/v2\/types\/post"}],"author":[{"embeddable":true,"href":"https:\/\/comdep.com.br\/index.php?rest_route=\/wp\/v2\/users\/1"}],"replies":[{"embeddable":true,"href":"https:\/\/comdep.com.br\/index.php?rest_route=%2Fwp%2Fv2%2Fcomments&post=2125"}],"version-history":[{"count":2,"href":"https:\/\/comdep.com.br\/index.php?rest_route=\/wp\/v2\/posts\/2125\/revisions"}],"predecessor-version":[{"id":2128,"href":"https:\/\/comdep.com.br\/index.php?rest_route=\/wp\/v2\/posts\/2125\/revisions\/2128"}],"wp:featuredmedia":[{"embeddable":true,"href":"https:\/\/comdep.com.br\/index.php?rest_route=\/wp\/v2\/media\/2127"}],"wp:attachment":[{"href":"https:\/\/comdep.com.br\/index.php?rest_route=%2Fwp%2Fv2%2Fmedia&parent=2125"}],"wp:term":[{"taxonomy":"category","embeddable":true,"href":"https:\/\/comdep.com.br\/index.php?rest_route=%2Fwp%2Fv2%2Fcategories&post=2125"},{"taxonomy":"post_tag","embeddable":true,"href":"https:\/\/comdep.com.br\/index.php?rest_route=%2Fwp%2Fv2%2Ftags&post=2125"}],"curies":[{"name":"wp","href":"https:\/\/api.w.org\/{rel}","templated":true}]}}