{"id":2137,"date":"2019-12-12T11:44:29","date_gmt":"2019-12-12T14:44:29","guid":{"rendered":"http:\/\/comdep.com.br\/?p=2137"},"modified":"2019-12-12T12:01:03","modified_gmt":"2019-12-12T15:01:03","slug":"comdep-trabalhando-hoje-12-12-2019-nos-seguintes-locais","status":"publish","type":"post","link":"https:\/\/comdep.com.br\/?p=2137","title":{"rendered":"COMDEP trabalhando hoje 12\/12\/2019 nos seguintes locais:"},"content":{"rendered":"<p><strong>Distrito<\/strong><\/p>\n<p><strong>Ro\u00e7ada e capina<\/strong>: continua\u00e7\u00e3o Uni\u00e3o Ind\u00fastria e Catubira &nbsp;*<\/p>\n<p><strong>M\u00e1quina e caminh\u00e3o<\/strong>: Vila Rica &nbsp;*<\/p>\n<p><strong>Varri\u00e7\u00e3o di\u00e1ria:<\/strong> Corr\u00eaas, Nogueiras, Araras, Itaipava, Madame Machado, Vila Rica, Pedro do Rio, Secret\u00e1rio *<\/p>\n<p><strong>Diretoria Operacional<\/strong><\/p>\n<p><strong>Limpeza de rio<\/strong>: Mosela &nbsp;*<\/p>\n<p><strong>Capina<\/strong>: Travessa Valeriana Jorge, rua Irineu Corr\u00eaa, Bar\u00e3o do Rio Branco, Olavo Bilac, rua Wilson Medeiros de Vasconcelos, rua Nicolay Mayworm, Rua Esp\u00edrito Santo, Rua Eduardo Troyack, Rua Marques do Paran\u00e1, rua S\u00e3o Norberto, Pedro Ivo, rua Fernandes Vieira, Uni\u00e3o Ind\u00fastria, Centen\u00e1rio, Dr. Thouzet, Av. Get\u00falio Vargas (Bob Cat), Olga Castrioto, Rua \u00c1lvaro Machado &nbsp;*<\/p>\n<p><strong>Ro\u00e7ada<\/strong>: Duarte da Silveira, Mosela, Sim\u00e9ria &nbsp;*<\/p>\n<p><strong>M\u00e1quinas e caminh\u00f5es<\/strong>: S\u00e3o Sebasti\u00e3o, Duarte da Silveira, Valpara\u00edso, Bingen, 24 de Maio, Rua Teresa, Piabanha, Bar\u00e3o do Rio Branco, Estrada da Saudade, Oliveira Bulh\u00f5es, Morro da Lenha, S\u00e3o Tom\u00e1s de Aquino &nbsp;*<\/p>\n<p><strong>Caminh\u00e3o Poli Guindaste<\/strong>: Independ\u00eancia &nbsp;*<\/p>\n<p><strong>Caminh\u00e3o D 08<\/strong>: &nbsp;General Rondon, Quitandinha, Coronel Veiga Washington Luiz, Centro Hist\u00f3rico, Benjamim Constant e Turmas &nbsp;*<\/p>\n<p><strong>Varri\u00e7\u00e3o<\/strong>: Centro, Centro Hist\u00f3rico, pra\u00e7a da liberdade, Roberto da Silveira, 7 de Abril, Fabr\u00edcio de Matos e trono de F\u00e1tima *<\/p>\n<p><strong>Varri\u00e7\u00e3o<\/strong>: feira livre da pra\u00e7a Pasteur *<\/p>\n<p><strong>Caminh\u00e3o (C20) recolhimento de sacos de varri\u00e7\u00e3o<\/strong>: General Rondon, Coronel Veiga, Alto da Serra, Morin, Centro, Centro Hist\u00f3rico e Bingen *<\/p>\n<p><strong>Caminh\u00e3o (C55) Pipa lavagem<\/strong>: Centro, Centro Hist\u00f3rico, pra\u00e7a Alcindo Sodr\u00e9 atr\u00e1s da banca de jornal ap\u00f3s verificando o chafariz de Cascatinha *<\/p>\n<p><strong>Diretoria de Parques e Jardins &nbsp;<\/strong><\/p>\n<p><strong>Corte de \u00e1rvores (em conjunto com a Enel)<\/strong>: Serra Velha da Estrela *<\/p>\n<p><strong>Corte de grama<\/strong>: Mosela, Padre Siqueira *<\/p>\n<p><strong>Jardim<\/strong>: coroa perto da UPA Centro monsenhor Barcelar, Avenida Koeler &nbsp;*<\/p>\n<p><strong>Caminh\u00e3o do jardim<\/strong>: recolher lixo verde Mosela, Sargento Boening &nbsp;*<\/p>\n<p><strong>Kombi do jardim<\/strong>: transporte de ferramentas *<\/p>\n<p><strong>Diretoria Obras<\/strong><\/p>\n<p><strong>Obras<\/strong>: retirar bancos na rodovi\u00e1ria Centro, a pedido da firma que est\u00e1 realizando a obra no local, a fim de que seja preservado o material, Comunidade Sta Rita, Buj\u00e3o (Bela Vista) *<\/p>\n<p><strong>Pintura<\/strong>: balaustres da Ponte dos Fones (continua\u00e7\u00e3o), meio fios da General Rondon pr\u00f3ximo ao n\u00ba 400, Rua Padre Feij\u00f3 (Alto da Serra) *<\/p>\n<p><strong>Carpintaria<\/strong>: instala\u00e7\u00e3o de 2 placa proibitivas na Rua S\u00e3o Paulo, confec\u00e7\u00e3o de bancos e brinquedos de pra\u00e7as e parquinhos &nbsp;*<\/p>\n<p><strong>El\u00e9trica<\/strong>: Pra\u00e7a 14 Bis (apoio a serralheria), manuten\u00e7\u00e3o em chafarizes do Centro Hist\u00f3rico *<\/p>\n<p><strong>Serralheria<\/strong>: confec\u00e7\u00e3o de cestas de coletoras na cia, Comunidade Santa Rita, Buj\u00e3o (Bela Vista) e Pra\u00e7a 14 Bis, E. M. Vereador Jos\u00e9 Fernandes da Costa *<\/p>\n<p><strong>Capina e ro\u00e7ada<\/strong>: Humberto Rovigatti (continua\u00e7\u00e3o) *<\/p>\n<p><strong>Capina e limpeza de ralos<\/strong>: Rua d. Pedro e Alberto Torres (continua\u00e7\u00e3o) Conserva Centro *<\/p>\n<p><strong>Eventos<\/strong><\/p>\n<p><strong>Montar<\/strong> 1 tenda 10x10e 1 tenda 6&#215;6 e 3 de 3&#215;3 na sede da Comdep, montar 1 barraca na pra\u00e7a Alcindo Sodr\u00e9 *<\/p>\n","protected":false},"excerpt":{"rendered":"<p>Distrito Ro\u00e7ada e capina: continua\u00e7\u00e3o Uni\u00e3o Ind\u00fastria e Catubira &nbsp;* M\u00e1quina e caminh\u00e3o: Vila Rica &nbsp;* Varri\u00e7\u00e3o di\u00e1ria: Corr\u00eaas, Nogueiras, Araras, Itaipava, Madame Machado, Vila Rica, Pedro do Rio, Secret\u00e1rio * Diretoria Operacional Limpeza de rio: Mosela &nbsp;* Capina: Travessa Valeriana Jorge, rua Irineu Corr\u00eaa, Bar\u00e3o do Rio Branco, Olavo Bilac, rua Wilson Medeiros de&hellip;<\/p>\n","protected":false},"author":1,"featured_media":2139,"comment_status":"open","ping_status":"open","sticky":false,"template":"","format":"standard","meta":{"_themeisle_gutenberg_block_has_review":false,"footnotes":""},"categories":[1],"tags":[],"_links":{"self":[{"href":"https:\/\/comdep.com.br\/index.php?rest_route=\/wp\/v2\/posts\/2137"}],"collection":[{"href":"https:\/\/comdep.com.br\/index.php?rest_route=\/wp\/v2\/posts"}],"about":[{"href":"https:\/\/comdep.com.br\/index.php?rest_route=\/wp\/v2\/types\/post"}],"author":[{"embeddable":true,"href":"https:\/\/comdep.com.br\/index.php?rest_route=\/wp\/v2\/users\/1"}],"replies":[{"embeddable":true,"href":"https:\/\/comdep.com.br\/index.php?rest_route=%2Fwp%2Fv2%2Fcomments&post=2137"}],"version-history":[{"count":2,"href":"https:\/\/comdep.com.br\/index.php?rest_route=\/wp\/v2\/posts\/2137\/revisions"}],"predecessor-version":[{"id":2140,"href":"https:\/\/comdep.com.br\/index.php?rest_route=\/wp\/v2\/posts\/2137\/revisions\/2140"}],"wp:featuredmedia":[{"embeddable":true,"href":"https:\/\/comdep.com.br\/index.php?rest_route=\/wp\/v2\/media\/2139"}],"wp:attachment":[{"href":"https:\/\/comdep.com.br\/index.php?rest_route=%2Fwp%2Fv2%2Fmedia&parent=2137"}],"wp:term":[{"taxonomy":"category","embeddable":true,"href":"https:\/\/comdep.com.br\/index.php?rest_route=%2Fwp%2Fv2%2Fcategories&post=2137"},{"taxonomy":"post_tag","embeddable":true,"href":"https:\/\/comdep.com.br\/index.php?rest_route=%2Fwp%2Fv2%2Ftags&post=2137"}],"curies":[{"name":"wp","href":"https:\/\/api.w.org\/{rel}","templated":true}]}}