{"id":2141,"date":"2019-12-13T10:15:45","date_gmt":"2019-12-13T13:15:45","guid":{"rendered":"http:\/\/comdep.com.br\/?p=2141"},"modified":"2019-12-13T15:15:17","modified_gmt":"2019-12-13T18:15:17","slug":"comdep-trabalhando-hoje-13-12-2019-nos-seguintes-locais","status":"publish","type":"post","link":"https:\/\/comdep.com.br\/?p=2141","title":{"rendered":"COMDEP trabalhando hoje 13\/12\/2019 nos seguintes locais:"},"content":{"rendered":"<p><strong>Diretoria de Obras<\/strong><\/p>\n<p><strong>Obras:<\/strong> nivelamento de piso em p\u00f3 de pedra nas pra\u00e7as do Bosque e Liberdade *<\/p>\n<p><strong>Pintura<\/strong>: limpeza e pintura na rua Gal. Rondon e pintura de bala\u00fastres *<\/p>\n<p><strong>Serralheria<\/strong>: instala\u00e7\u00e3o de tela e placa proibitiva na rua Gal. Marciano Magalh\u00e3es no Morin, pr\u00f3ximo a Ikinha e Pra\u00e7a da Mosela *<\/p>\n<p><strong>Carpintaria<\/strong>: montagem de bancos e conserto de brinquedos na Cel. Veiga *<\/p>\n<p><strong>Capina e ro\u00e7ada<\/strong>: Rua Dom Pedro\/Pra\u00e7a Wolney Aguiar, Rua Vi\u00fava Lima e depend\u00eancias do Pal\u00e1cio S\u00e9rgio Fadel\/Secretaria de Fazenda (limpeza) *<\/p>\n<p><strong>Diretoria Operacional<\/strong><\/p>\n<p><strong>Limpeza de rio<\/strong>: Souza Franco: Capina: Rep\u00fablica Argentina, Get\u00falio Vargas, Av Amaral Peixoto, Rua S\u00e3o Salvador, Rua Eug\u00eanio Barcelos, &nbsp;Rua Luiz de Cam\u00f5es, Rua Infante Dom Henrique, Rua Pedro Am\u00e9rico, Estrada da Independ\u00eancia , Rua Ad\u00e3o Kloh &nbsp;*<\/p>\n<p><strong>Ro\u00e7ada<\/strong>: Duarte da Silveira, Rua Itabora\u00ed, Rua Dom Jo\u00e3o Braga &nbsp;*<\/p>\n<p><strong>M\u00e1quinas e Caminh\u00f5es<\/strong>: Av. Estados Unidos, Rua Em\u00edlio Zaluar, Rua Luiz de Cam\u00f5es, Travessa Fragoso, S\u00e3o Sebasti\u00e3o, Sim\u00e9ria, Alto Pedro Ivo, Dpo (Lopes Trov\u00e3o) &nbsp;*<\/p>\n<p><strong>Caminh\u00e3o Poli Guindaste<\/strong>: Independ\u00eancia &nbsp;*<\/p>\n<p><strong>Caminh\u00e3o D 08<\/strong>: General Rondon, Quitandinha, Coronel Veiga, Centro Hist\u00f3rico, Benjamim Constant, Dr. S\u00e1 Earp, Morim e Turmas *<\/p>\n<p><strong>Diretoria de Limpeza Urbana<\/strong><\/p>\n<p><strong>Varri\u00e7\u00e3o<\/strong>: Alto da Serra, Vila Felipe, ch\u00e1cara Flora, Cardoso fontes, pra\u00e7a Pasteur, Castel\u00e2nea, S\u00e3o Sebasti\u00e3o, Simeria e Quitandinha *<\/p>\n<p><strong>Varri\u00e7\u00e3o<\/strong>: feira livre da rua Francisco Manoel *<\/p>\n<p><strong>Caminh\u00e3o (C20) recolhimento de sacos de varri\u00e7\u00e3o<\/strong>: General Rondon, coronel Veiga, Alto da Serra, Morin, Centro, Centro Hist\u00f3rico e Bingen *<\/p>\n<p><strong>Caminh\u00e3o (C55) Pipa lavagem<\/strong>: Centro, Centro Hist\u00f3rico e pra\u00e7a Alcindo Sodr\u00e9 atr\u00e1s da banca de jornal *<\/p>\n<p><strong>Varri\u00e7\u00e3o<\/strong>: feira livre da rua General Rondon. *<\/p>\n<p><strong>Diretoria de Parques e Jardins<\/strong><\/p>\n<p><strong>Corte de grama<\/strong>: S\u00e3o Sebasti\u00e3o e Alfredo Pach\u00e1 &nbsp;*<\/p>\n<p><strong>Jardim<\/strong>: Afr\u00e2nio de Melo &nbsp;*<\/p>\n<p><strong>Caminh\u00e3o do jardim<\/strong>: recolher lixo verde n\u00f3 Centro Hist\u00f3rico &nbsp;*<\/p>\n<p><strong>Kombi do Jardim<\/strong>: transporte de ferramentas *<\/p>\n<p><strong>Eventos<\/strong><\/p>\n<p><strong>Montar 2 barracas<\/strong> no cal\u00e7ad\u00e3o do Cenip *<\/p>\n<p><strong>Montar 6 barracas<\/strong> pra\u00e7a Alcindo Sodr\u00e9, 2barracas na pra\u00e7a da \u00c1guia,&nbsp; 3 barracas no Bairro Castrioto, palco para o desfile de Natal, 2 retirar 2barracas em Corr\u00eaas *<\/p>\n","protected":false},"excerpt":{"rendered":"<p>Diretoria de Obras Obras: nivelamento de piso em p\u00f3 de pedra nas pra\u00e7as do Bosque e Liberdade * Pintura: limpeza e pintura na rua Gal. Rondon e pintura de bala\u00fastres * Serralheria: instala\u00e7\u00e3o de tela e placa proibitiva na rua Gal. Marciano Magalh\u00e3es no Morin, pr\u00f3ximo a Ikinha e Pra\u00e7a da Mosela * Carpintaria: montagem&hellip;<\/p>\n","protected":false},"author":1,"featured_media":2147,"comment_status":"open","ping_status":"open","sticky":false,"template":"","format":"standard","meta":{"_themeisle_gutenberg_block_has_review":false,"footnotes":""},"categories":[1],"tags":[],"_links":{"self":[{"href":"https:\/\/comdep.com.br\/index.php?rest_route=\/wp\/v2\/posts\/2141"}],"collection":[{"href":"https:\/\/comdep.com.br\/index.php?rest_route=\/wp\/v2\/posts"}],"about":[{"href":"https:\/\/comdep.com.br\/index.php?rest_route=\/wp\/v2\/types\/post"}],"author":[{"embeddable":true,"href":"https:\/\/comdep.com.br\/index.php?rest_route=\/wp\/v2\/users\/1"}],"replies":[{"embeddable":true,"href":"https:\/\/comdep.com.br\/index.php?rest_route=%2Fwp%2Fv2%2Fcomments&post=2141"}],"version-history":[{"count":2,"href":"https:\/\/comdep.com.br\/index.php?rest_route=\/wp\/v2\/posts\/2141\/revisions"}],"predecessor-version":[{"id":2148,"href":"https:\/\/comdep.com.br\/index.php?rest_route=\/wp\/v2\/posts\/2141\/revisions\/2148"}],"wp:featuredmedia":[{"embeddable":true,"href":"https:\/\/comdep.com.br\/index.php?rest_route=\/wp\/v2\/media\/2147"}],"wp:attachment":[{"href":"https:\/\/comdep.com.br\/index.php?rest_route=%2Fwp%2Fv2%2Fmedia&parent=2141"}],"wp:term":[{"taxonomy":"category","embeddable":true,"href":"https:\/\/comdep.com.br\/index.php?rest_route=%2Fwp%2Fv2%2Fcategories&post=2141"},{"taxonomy":"post_tag","embeddable":true,"href":"https:\/\/comdep.com.br\/index.php?rest_route=%2Fwp%2Fv2%2Ftags&post=2141"}],"curies":[{"name":"wp","href":"https:\/\/api.w.org\/{rel}","templated":true}]}}