{"id":2154,"date":"2019-12-16T12:18:05","date_gmt":"2019-12-16T15:18:05","guid":{"rendered":"http:\/\/comdep.com.br\/?p=2154"},"modified":"2019-12-16T12:18:05","modified_gmt":"2019-12-16T15:18:05","slug":"comdep-trabalhando-hoje-14-12-2019-nos-seguintes-locais","status":"publish","type":"post","link":"https:\/\/comdep.com.br\/?p=2154","title":{"rendered":"COMDEP trabalhando hoje 14\/12\/2019 nos seguintes locais:"},"content":{"rendered":"<p><strong>Diretoria de Limpeza Urbana<\/strong><\/p>\n<p><strong>Varri\u00e7\u00e3o<\/strong>: Capela, Manoel Torres, Duarte da Silveira, Bairro Castrioto, Dias de Oliveira, Bingen e Mosela *<\/p>\n<p><strong>Varri\u00e7\u00e3o<\/strong> na feira livre do Centro *<\/p>\n<p><strong>(03) funcion\u00e1rios<\/strong> trabalhando na feira livre do centro, na retirada de res\u00edduos debaixo das bancas *<\/p>\n<p><strong>(06) funcion\u00e1rios<\/strong> trabalhando na limpeza da pra\u00e7a da liberdade e Pal\u00e1cio de cristal (das 12:00 at\u00e9 18:00) Natal imperial *<\/p>\n<p><strong>Caminh\u00e3o (C20) recolhimento de sacos de varri\u00e7\u00e3o<\/strong>: General Rondon, coronel Veiga, Centro, Centro Hist\u00f3rico e Bingen *<\/p>\n<p><strong>Caminh\u00e3o (C55) Pipa lavagem<\/strong>: Centro, centro hist\u00f3rico e pra\u00e7a Alcindo Sodr\u00e9 atr\u00e1s da banca de jornal *<\/p>\n<p><strong>Eventos<\/strong><\/p>\n<p><strong>Montar<\/strong> tamb\u00e9m 1 palco 3&#215;3 e 4 barracas na Quadra do Roseiral *<\/p>\n<p><strong>Diretoria Operacional<\/strong><\/p>\n<p><strong>M\u00e1quina e caminh\u00f5es<\/strong>: S\u00e3o Sebasti\u00e3o, Sim\u00e9ria \u00a0*<\/p>\n<p><strong>Caminh\u00e3o lixo manual<\/strong>: Centro Hist\u00f3rico e turmas \u00a0*<\/p>\n<p><strong>Caminh\u00e3o poli guindaste<\/strong>: Independ\u00eancia, Oswaldo Cruz, Quitandinha \u00a0*<\/p>\n<p><strong>Capina<\/strong>: Rua Ang\u00e9lica Lopes de Castro *<\/p>\n<p><strong>Varri\u00e7\u00e3o<\/strong>: Centro, Centro Hist\u00f3rico e 13 de Maio (turma da noite) *<\/p>\n<p><strong>Troca<\/strong> de placa denominativa, com\u00a0 a presen\u00e7a\u00a0 dos familiares no bairro\u00a0 Nova Cascatinha *<\/p>\n<p><strong>Instala\u00e7\u00e3o<\/strong> de placa proibitiva descarte de entulho no bairro Quitandinha (Rua\u00a0 S\u00e3o Paulo) *<\/p>\n<p><strong>Reparo<\/strong> em banco, Espa\u00e7o Maestro C\u00e9sar\u00a0 Guerra Peixe (ao lado do Teatro Municipal) *<\/p>\n<p><strong>Diretoria de Obras<\/strong><\/p>\n<p><strong>Recupera\u00e7\u00e3o<\/strong> de base de coletora e do muro, na Rua Taunay (Castelo S\u00e3o Manoel, Correas) *<\/p>\n<p><strong>Serralheria<\/strong>: liberar a passagem para a m\u00e1quina retirar barreira (Escola Jos\u00e9 Fernandes da Silva) *<\/p>\n<p><strong>Pintura<\/strong>: meio fio e guarda-corpo entre o n\u00ba 400 da Rua General Rondon e a entrada do bairro Independ\u00eancia *<\/p>\n<p><strong>Carpintaria<\/strong>: revis\u00e3o e reparo em barracas do natal imperial, no Pal\u00e1cio de Cristal e Pra\u00e7a da Liberdade *<\/p>\n<p><strong>M\u00e1quina<\/strong> com 2 caminh\u00f5es:\u00a0 1_ Estrada do Catobira e Vale do Sossego \u00a0*<\/p>\n<p><strong>Capina com ro\u00e7ada<\/strong>: Estrada do Catobira \u00a0*<\/p>\n<p><strong>Varri\u00e7\u00e3o fixo<\/strong>: Corr\u00eaas, Nogueira, Araras, Itaipava, Madame Machado,\u00a0 Pedro do Rio, Vila Rica e Secret\u00e1rio *<\/p>\n<p><strong>M\u00e1quina<\/strong>: n\u00e3o trabalha *<\/p>\n<p><strong>Ro\u00e7ada<\/strong>: Vargem dos Marmelos *<\/p>\n<p><strong>Varri\u00e7\u00e3o<\/strong>: normal *<\/p>\n<p><strong>Constru\u00e7\u00e3o<\/strong> de base em espa\u00e7o esportivo no bairro bela Vista (Comunidade Santa Rita de Cassia) Buj\u00e3o *<\/p>\n","protected":false},"excerpt":{"rendered":"<p>Diretoria de Limpeza Urbana Varri\u00e7\u00e3o: Capela, Manoel Torres, Duarte da Silveira, Bairro Castrioto, Dias de Oliveira, Bingen e Mosela * Varri\u00e7\u00e3o na feira livre do Centro * (03) funcion\u00e1rios trabalhando na feira livre do centro, na retirada de res\u00edduos debaixo das bancas * (06) funcion\u00e1rios trabalhando na limpeza da pra\u00e7a da liberdade e Pal\u00e1cio de&hellip;<\/p>\n","protected":false},"author":1,"featured_media":2155,"comment_status":"open","ping_status":"open","sticky":false,"template":"","format":"standard","meta":{"_themeisle_gutenberg_block_has_review":false,"footnotes":""},"categories":[1],"tags":[],"_links":{"self":[{"href":"https:\/\/comdep.com.br\/index.php?rest_route=\/wp\/v2\/posts\/2154"}],"collection":[{"href":"https:\/\/comdep.com.br\/index.php?rest_route=\/wp\/v2\/posts"}],"about":[{"href":"https:\/\/comdep.com.br\/index.php?rest_route=\/wp\/v2\/types\/post"}],"author":[{"embeddable":true,"href":"https:\/\/comdep.com.br\/index.php?rest_route=\/wp\/v2\/users\/1"}],"replies":[{"embeddable":true,"href":"https:\/\/comdep.com.br\/index.php?rest_route=%2Fwp%2Fv2%2Fcomments&post=2154"}],"version-history":[{"count":1,"href":"https:\/\/comdep.com.br\/index.php?rest_route=\/wp\/v2\/posts\/2154\/revisions"}],"predecessor-version":[{"id":2156,"href":"https:\/\/comdep.com.br\/index.php?rest_route=\/wp\/v2\/posts\/2154\/revisions\/2156"}],"wp:featuredmedia":[{"embeddable":true,"href":"https:\/\/comdep.com.br\/index.php?rest_route=\/wp\/v2\/media\/2155"}],"wp:attachment":[{"href":"https:\/\/comdep.com.br\/index.php?rest_route=%2Fwp%2Fv2%2Fmedia&parent=2154"}],"wp:term":[{"taxonomy":"category","embeddable":true,"href":"https:\/\/comdep.com.br\/index.php?rest_route=%2Fwp%2Fv2%2Fcategories&post=2154"},{"taxonomy":"post_tag","embeddable":true,"href":"https:\/\/comdep.com.br\/index.php?rest_route=%2Fwp%2Fv2%2Ftags&post=2154"}],"curies":[{"name":"wp","href":"https:\/\/api.w.org\/{rel}","templated":true}]}}