{"id":2157,"date":"2019-12-16T12:29:24","date_gmt":"2019-12-16T15:29:24","guid":{"rendered":"http:\/\/comdep.com.br\/?p=2157"},"modified":"2019-12-16T12:29:35","modified_gmt":"2019-12-16T15:29:35","slug":"comdep-trabalhando-hoje-15-12-2019-nos-seguintes-locais","status":"publish","type":"post","link":"https:\/\/comdep.com.br\/?p=2157","title":{"rendered":"COMDEP trabalhando hoje 15\/12\/2019 nos seguintes locais:"},"content":{"rendered":"<p><strong>Diretoria de Limpeza Urbana<\/strong><\/p>\n<p><strong>Varri\u00e7\u00e3o (das 07:00 at\u00e9 11:00) turma da manh\u00e3<\/strong>: Centro, Centro Hist\u00f3rico, Pra\u00e7a da Liberdade, Pal\u00e1cio de Cristal, 13 de Maio, Mosela, Bingen, Bar\u00e3o do Rio Branco, Cascatinha, Itamarati, Quissam\u00e3, Alto da Serra, Pra\u00e7a Pasteur e Quitandinha *<\/p>\n<p><strong>Varri\u00e7\u00e3o<\/strong>: feira livre do Alto da Serra *<\/p>\n<p><strong>(03) funcion\u00e1rios<\/strong> trabalhando na feira livre do Alto da Serra, na retirada de res\u00edduos debaixo das bancas *<\/p>\n<p><strong>(06) funcion\u00e1rios<\/strong> trabalhando na limpeza da pra\u00e7a da liberdade e Pal\u00e1cio de cristal (d\u00e1s 12:00 at\u00e9 17:00) Natal imperial *<\/p>\n<p><strong>Varri\u00e7\u00e3o<\/strong>: feira livre da rua Duarte da Silveira *<\/p>\n<p><strong>Caminh\u00e3o (D08) recolhimento de sacos de varri\u00e7\u00e3o<\/strong>: Coronel Veiga, Centro, Centro Hist\u00f3rico e Bingen *<\/p>\n<p><strong>Varri\u00e7\u00e3o<\/strong>: Quitandinha e adjac\u00eancias *<\/p>\n<p><strong>Eventos<\/strong><\/p>\n<p><strong>Para<\/strong> o dia 15\/12 Montar palco para o desfile,&nbsp; retirar barracas na pra\u00e7a Alcindo Sodr\u00e9 e no cal\u00e7ad\u00e3o do Cenip,&nbsp; quadra do Batalhard,&nbsp; Bairro Castrioto *<\/p>\n","protected":false},"excerpt":{"rendered":"<p>Diretoria de Limpeza Urbana Varri\u00e7\u00e3o (das 07:00 at\u00e9 11:00) turma da manh\u00e3: Centro, Centro Hist\u00f3rico, Pra\u00e7a da Liberdade, Pal\u00e1cio de Cristal, 13 de Maio, Mosela, Bingen, Bar\u00e3o do Rio Branco, Cascatinha, Itamarati, Quissam\u00e3, Alto da Serra, Pra\u00e7a Pasteur e Quitandinha * Varri\u00e7\u00e3o: feira livre do Alto da Serra * (03) funcion\u00e1rios trabalhando na feira livre&hellip;<\/p>\n","protected":false},"author":1,"featured_media":2158,"comment_status":"open","ping_status":"open","sticky":false,"template":"","format":"standard","meta":{"_themeisle_gutenberg_block_has_review":false,"footnotes":""},"categories":[1],"tags":[],"_links":{"self":[{"href":"https:\/\/comdep.com.br\/index.php?rest_route=\/wp\/v2\/posts\/2157"}],"collection":[{"href":"https:\/\/comdep.com.br\/index.php?rest_route=\/wp\/v2\/posts"}],"about":[{"href":"https:\/\/comdep.com.br\/index.php?rest_route=\/wp\/v2\/types\/post"}],"author":[{"embeddable":true,"href":"https:\/\/comdep.com.br\/index.php?rest_route=\/wp\/v2\/users\/1"}],"replies":[{"embeddable":true,"href":"https:\/\/comdep.com.br\/index.php?rest_route=%2Fwp%2Fv2%2Fcomments&post=2157"}],"version-history":[{"count":2,"href":"https:\/\/comdep.com.br\/index.php?rest_route=\/wp\/v2\/posts\/2157\/revisions"}],"predecessor-version":[{"id":2160,"href":"https:\/\/comdep.com.br\/index.php?rest_route=\/wp\/v2\/posts\/2157\/revisions\/2160"}],"wp:featuredmedia":[{"embeddable":true,"href":"https:\/\/comdep.com.br\/index.php?rest_route=\/wp\/v2\/media\/2158"}],"wp:attachment":[{"href":"https:\/\/comdep.com.br\/index.php?rest_route=%2Fwp%2Fv2%2Fmedia&parent=2157"}],"wp:term":[{"taxonomy":"category","embeddable":true,"href":"https:\/\/comdep.com.br\/index.php?rest_route=%2Fwp%2Fv2%2Fcategories&post=2157"},{"taxonomy":"post_tag","embeddable":true,"href":"https:\/\/comdep.com.br\/index.php?rest_route=%2Fwp%2Fv2%2Ftags&post=2157"}],"curies":[{"name":"wp","href":"https:\/\/api.w.org\/{rel}","templated":true}]}}