{"id":2161,"date":"2019-12-16T12:53:36","date_gmt":"2019-12-16T15:53:36","guid":{"rendered":"http:\/\/comdep.com.br\/?p=2161"},"modified":"2019-12-16T12:53:49","modified_gmt":"2019-12-16T15:53:49","slug":"comdep-trabalhando-hoje-16-12-2019-nos-seguintes-locais","status":"publish","type":"post","link":"https:\/\/comdep.com.br\/?p=2161","title":{"rendered":"COMDEP trabalhando hoje 16\/12\/2019 nos seguintes locais:"},"content":{"rendered":"<p><strong>Diretoria de Limpeza P\u00fablica<\/strong><\/p>\n<p><strong>Varri\u00e7\u00e3o<\/strong>: Castel\u00e2nea, Simeria, S\u00e3o Sebasti\u00e3o, pra\u00e7a Pasteur, Alto da Serra e Morin *<\/p>\n<p><strong>Caminh\u00e3o (C20) recolhimento de sacos de varri\u00e7\u00e3o<\/strong>: General Rondon, coronel Veiga, Alto da Serra, Morin, Centro, Centro Hist\u00f3rico, Cascatinha e Bingen *<\/p>\n<p><strong>Caminh\u00e3o (C55) Pipa lavagem<\/strong>: Centro, Centro Hist\u00f3rico, pra\u00e7a Alcindo Sodr\u00e9 atr\u00e1s da banca de jornal ap\u00f3s verificando o chafariz da Pra\u00e7a da Liberdade *<\/p>\n<p><strong>Diretoria de Eventos<\/strong><\/p>\n<p><strong>Retira<\/strong>r&nbsp; palco no Centro,&nbsp; Pra\u00e7a da \u00c1guia, Roseiral,&nbsp; Pra\u00e7a de Correas,&nbsp; Estradas Arcas, Liceu de Itaipava, cri Caxambu,&nbsp; quadra do Simeria&nbsp; e lar Santa Catarina Independ\u00eancia *<\/p>\n<p><strong>Parques e Jardins<\/strong><\/p>\n<p><strong>Corte de \u00e1rvores<\/strong>: Quitandinha *<\/p>\n<p><strong>Corte de grama<\/strong>: Avenida Koeller &nbsp;*<\/p>\n<p><strong>Jardim<\/strong>: coroa perto da UPA Centro, Rua Ipiranga, Avenida Koeller &nbsp;*<\/p>\n<p><strong>Caminh\u00e3o do jardim<\/strong>: recolher lixo verde Afr\u00e2nio de Melo e transporte de hort\u00eancia &nbsp;*<\/p>\n<p><strong>Kombi do jardim<\/strong>: transporte de ferramentas *<\/p>\n<p><strong>Diretoria de Limpeza P\u00fablica<\/strong><\/p>\n<p><strong>Limpeza de rio<\/strong>: Mosela &nbsp;*<\/p>\n<p><strong>Capina<\/strong>: Travessa Valeriana Jorge, Rua Irineu Corr\u00eaa, Bar\u00e3o do Rio Branco, rua Sargento Fontes, Rua Wilson Medeiros de Vasconcelos (Carangola), rua Nicolay Mayworm, Rua Amaral Peixoto, Rua Par\u00e1, rua Eduardo Troyack, rua Joaquim Gomensoro, Pedro Ivo, rua Fernandes Vieira, Uni\u00e3o Ind\u00fastria, rua Ad\u00e3o Kloh, Chapa 4, Rua \u00c1lvaro Machado &nbsp;*<\/p>\n<p><strong>Ro\u00e7ada<\/strong>: Quarteir\u00e3o Brasileiro, Bar\u00e3o do Rio Branco, Quarteir\u00e3o Ingelheim &nbsp;*<\/p>\n<p><strong>M\u00e1quinas e caminh\u00f5es<\/strong>: Coronel Veiga, Washington Luiz, Rua Teresa, DPO (Lopes Trov\u00e3o), Alfredo Schilick, Vila Felipe, Ch\u00e1cara Flora, Olavo Bilac, Crist\u00f3v\u00e3o Colombo, Dom Jo\u00e3o Braga, Ferrovi\u00e1rios, Comunidade do Guinelo, Parque S\u00e3o Vicente, Vassouras, Rua Pernambuco, Alagoas *<\/p>\n<p><strong>Distrito<\/strong><\/p>\n<p><strong>M\u00e1quina e caminh\u00f5es<\/strong>: Castelo S\u00e3o Manoel *<\/p>\n<p><strong>Capina e ro\u00e7ada<\/strong>: Estrada Uni\u00e3o ind\u00fastria e Catobira *<\/p>\n<p><strong>Varri\u00e7\u00e3o fixo<\/strong>: Correas, Nogueira, Itaipava, Araras, Madame Machado, Secret\u00e1rio Pedro do Rio e Vila Rica *<\/p>\n<p><strong>Varri\u00e7\u00e3o<\/strong>: Centro, Centro Hist\u00f3rico (turma da noite) *<\/p>\n<p><strong>Diretoria de Obras<\/strong><\/p>\n<p><strong>Obras<\/strong>: recupera\u00e7\u00e3o de base e troca de cesta, entrada da Vila Rica (Pedro do Rio), recupera\u00e7\u00e3o de base e troca de cesta, pr\u00f3ximo da Cervejaria Itaipava, apoio na Comunidade Sta Rita, Buj\u00e3o (Bela Vista) *<\/p>\n<p><strong>Carpintaria<\/strong>: reparo e manuten\u00e7\u00e3o em barracas no Pal\u00e1cio de Cristal e Pra\u00e7a da Liberdade (Natal Imperial) *<\/p>\n<p><strong>Serralheria<\/strong>: confec\u00e7\u00e3o de cestas de coletoras na Cia, Comunidade Sta Rita, Buj\u00e3o, (Bela Vista) *<\/p>\n<p><strong>Pintura<\/strong>: parquinho no ponto final do Lagoinha, (Morin), Rua Carlos Magalh\u00e3es Bastos (Duchas), balaustres da Ponte dos Fones e no (segundo hor\u00e1rio) Rua Padre Feij\u00f3 *<\/p>\n<p><strong>El\u00e9trica<\/strong>: manuten\u00e7\u00e3o em chafarizes do Centro Hist\u00f3ricos *<\/p>\n<p><strong>Capina e ro\u00e7ada:<\/strong> rua Jo\u00e3o de Farias (Alcobacinha) *<\/p>\n<p><strong>Capina e limpeza de ralos<\/strong>: rua D. Pedro e Pra\u00e7a Wolney Aguiar (Conserva Centro) e limpeza de canaletas na Secretaria de Fazenda *<\/p>\n","protected":false},"excerpt":{"rendered":"<p>Diretoria de Limpeza P\u00fablica Varri\u00e7\u00e3o: Castel\u00e2nea, Simeria, S\u00e3o Sebasti\u00e3o, pra\u00e7a Pasteur, Alto da Serra e Morin * Caminh\u00e3o (C20) recolhimento de sacos de varri\u00e7\u00e3o: General Rondon, coronel Veiga, Alto da Serra, Morin, Centro, Centro Hist\u00f3rico, Cascatinha e Bingen * Caminh\u00e3o (C55) Pipa lavagem: Centro, Centro Hist\u00f3rico, pra\u00e7a Alcindo Sodr\u00e9 atr\u00e1s da banca de jornal ap\u00f3s&hellip;<\/p>\n","protected":false},"author":1,"featured_media":2162,"comment_status":"open","ping_status":"open","sticky":false,"template":"","format":"standard","meta":{"_themeisle_gutenberg_block_has_review":false,"footnotes":""},"categories":[1],"tags":[],"_links":{"self":[{"href":"https:\/\/comdep.com.br\/index.php?rest_route=\/wp\/v2\/posts\/2161"}],"collection":[{"href":"https:\/\/comdep.com.br\/index.php?rest_route=\/wp\/v2\/posts"}],"about":[{"href":"https:\/\/comdep.com.br\/index.php?rest_route=\/wp\/v2\/types\/post"}],"author":[{"embeddable":true,"href":"https:\/\/comdep.com.br\/index.php?rest_route=\/wp\/v2\/users\/1"}],"replies":[{"embeddable":true,"href":"https:\/\/comdep.com.br\/index.php?rest_route=%2Fwp%2Fv2%2Fcomments&post=2161"}],"version-history":[{"count":2,"href":"https:\/\/comdep.com.br\/index.php?rest_route=\/wp\/v2\/posts\/2161\/revisions"}],"predecessor-version":[{"id":2164,"href":"https:\/\/comdep.com.br\/index.php?rest_route=\/wp\/v2\/posts\/2161\/revisions\/2164"}],"wp:featuredmedia":[{"embeddable":true,"href":"https:\/\/comdep.com.br\/index.php?rest_route=\/wp\/v2\/media\/2162"}],"wp:attachment":[{"href":"https:\/\/comdep.com.br\/index.php?rest_route=%2Fwp%2Fv2%2Fmedia&parent=2161"}],"wp:term":[{"taxonomy":"category","embeddable":true,"href":"https:\/\/comdep.com.br\/index.php?rest_route=%2Fwp%2Fv2%2Fcategories&post=2161"},{"taxonomy":"post_tag","embeddable":true,"href":"https:\/\/comdep.com.br\/index.php?rest_route=%2Fwp%2Fv2%2Ftags&post=2161"}],"curies":[{"name":"wp","href":"https:\/\/api.w.org\/{rel}","templated":true}]}}