{"id":2165,"date":"2019-12-17T11:02:20","date_gmt":"2019-12-17T14:02:20","guid":{"rendered":"http:\/\/comdep.com.br\/?p=2165"},"modified":"2019-12-17T11:06:38","modified_gmt":"2019-12-17T14:06:38","slug":"comdep-trabalhando-hoje-17-12-2019-nos-seguintes-locais","status":"publish","type":"post","link":"https:\/\/comdep.com.br\/?p=2165","title":{"rendered":"COMDEP trabalhando hoje 17\/12\/2019 nos seguintes locais:"},"content":{"rendered":"<p><strong>Distrito<\/strong><\/p>\n<p><strong>M\u00e1quina e caminh\u00f5es:<\/strong> Castelo S\u00e3o Manoel *<\/p>\n<p><strong>Capina e ro\u00e7ada<\/strong>: Estrada do Catobira e Uni\u00e3o e Ind\u00fastria.. *<\/p>\n<p><strong>Varri\u00e7\u00e3o fixo<\/strong>: Correas, Nogueira, Itaipava, Araras, Madame Machado, Secret\u00e1rio, Pedro do Rio e Vila Rica *<\/p>\n<p><strong>Diretoria Operacional<\/strong><\/p>\n<p><strong>Limpeza de rio<\/strong>: Mosela, rua Raul Veiga &nbsp;*<\/p>\n<p><strong>Capina<\/strong>: Vila Manoel Corr\u00eaa, Rua Irineu Corr\u00eaa, Bar\u00e3o do Rio Branco, Rua Cardoso Fontes, Rua Napole\u00e3o Laureano, rua Albino Siqueira, Rua Wilson Medeiros de Vasconcelos (Carangola), Bar\u00e3o de Triunfo, Madre Francisca Pia, Rua Cuba, Rua Acre, Rua Eduardo Troyack, Joaquim Gomensoro, Rua Bezerra de Menezes, Pedro Ivo, Rua Fernandes Vieira, Uni\u00e3o Ind\u00fastria, rua Joaquina Dorot\u00e9ia, Pra\u00e7a Catulo, Get\u00falio Vargas, Rua \u00c1lvaro Machado, Servid\u00e3o Carlos Manoel Macedo &nbsp;*<\/p>\n<p><strong>Ro\u00e7ada<\/strong>: Bar\u00e3o do Rio Branco, Quarteir\u00e3o Ingelheim, Quarteir\u00e3o Brasileiro &nbsp;*<\/p>\n<p><strong>M\u00e1quinas e caminh\u00f5es<\/strong>: Rua Luiz de Cam\u00f5es, Travessa Fragoso, Olavo Bilac, Crist\u00f3v\u00e3o Colombo, Ch\u00e1cara Flora, Sargento Boening, Morro Azul, S\u00e3o Norberto, Coronel Land, Visconde de Itabora\u00ed, Saldanha Marinho, Pra\u00e7a Catulo, Ferrovi\u00e1rios, Get\u00falio Vargas, Amaral Peixoto, Rua Minas Gerais, Vila Ipanema, Alagoas, Pernambuco, rua Bahia, Esp\u00edrito Santo, Rua Par\u00e1 &nbsp;*<\/p>\n<p><strong>Caminh\u00e3o Poli Guindaste<\/strong>: Independ\u00eancia &nbsp;*<\/p>\n<p><strong>Caminh\u00e3o D 08<\/strong>: General Rondon, Quitandinha, Coronel Veiga, Washington Luiz, Centro Hist\u00f3rico, Piabanha, Bar\u00e3o do Rio Branco, Dr. S\u00e1 Earp, Morim, Crist\u00f3v\u00e3o Colombo, Conde D&#8217;eu, Olavo Bilac e Turmas &nbsp;*<\/p>\n<p><strong>Varri\u00e7\u00e3o<\/strong>: Centro, Centro Hist\u00f3rico, pra\u00e7a da liberdade, 13 de maio, Mosela, Bingen e Capela &nbsp;*<\/p>\n<p><strong>Varri\u00e7\u00e3o<\/strong>: na feira livre do Centro *<\/p>\n<p><strong>(03) funcion\u00e1rios<\/strong> trabalhando na feira livre do Centro, na retirada de res\u00edduos debaixo das bancas *<\/p>\n<p><strong>Caminh\u00e3o (C55) Pipa lavagem<\/strong>: Centro, Centro Hist\u00f3rico, pra\u00e7a Alcindo Sodr\u00e9 atr\u00e1s da banca de jornal ap\u00f3s verificando o chafariz da pra\u00e7a de Cascatinha *<\/p>\n<p><strong>Caminh\u00e3o (C20) recolhimento de sacos de varri\u00e7\u00e3o<\/strong>: Quitandinha, Coronel Veiga, Alto da Serra, Morim, Centro, Centro Hist\u00f3rico e Bingen *<\/p>\n<p><strong>Parques e Jardins<\/strong><\/p>\n<p><strong>Corte de \u00e1rvores<\/strong>: Rua Bingen e Albino Siqueira *<\/p>\n<p><strong>Corte de grama<\/strong>: Ayrton Senna *<\/p>\n<p><strong>Jardim<\/strong>: Coroa Rua Imperatriz e Alfredo Pach\u00e1 &nbsp;*<\/p>\n<p><strong>Caminh\u00e3o do jardim<\/strong>: Albino Siqueira Kombi do Jardim transporte de ferramentas *<\/p>\n<p><strong>Diretoria de Obras<\/strong><\/p>\n<p><strong>Obras<\/strong>: constru\u00e7\u00e3o de uma base de 3 metros na rua minas gerais, construir uma base, pr\u00f3ximo da cervejaria, em Pedro do Rio, Rua Visconde de Taunay, Castelo S\u00e3o Manoel, Comunidade Sta Rita, Buj\u00e3o (Bela Vista) e vistoria em Bonsucesso (Guarda-Corpo) *<\/p>\n<p><strong>El\u00e9trica<\/strong>: retirada de ponto de luz da Pra\u00e7a 14 Bis manuten\u00e7\u00e3o de chafarizes de Centro Hist\u00f3rico *<\/p>\n<p><strong>Serralheria<\/strong>: confec\u00e7\u00e3o de cestas de coletoras na cia, Comunidade Sta Rita, Buj\u00e3o (Bela Vista) inicio de instala\u00e7\u00e3o de tela e meio fio, Mosela, parquinho de cima *<\/p>\n<p><strong>Carpintaria<\/strong>: consertar balan\u00e7o e revisar bancos na Pra\u00e7a Oswaldo Cruz, revis\u00e3o em barracas no Pal\u00e1cio de Cristal e Pra\u00e7a da Liberdade (Natal Imperial) *<\/p>\n<p><strong>Pintura<\/strong>: balaustres da Ponte dos Fones (continua\u00e7\u00e3o), mureta da entrada do Independ\u00eancia e Rua Padre Feij\u00f3 (entrada do Morin) *<\/p>\n<p><strong>Capina e ro\u00e7ada<\/strong>: Rua Jo\u00e3o de Farias, Alcobacinha (continua\u00e7\u00e3o) *<\/p>\n<p><strong>Capina e limpeza de ralos<\/strong>: Rua D. Pedro e Pra\u00e7a Wolney Aguiar (continua\u00e7\u00e3o) *<\/p>\n<p><strong>Eventos<\/strong><\/p>\n<p><strong>Montar<\/strong> LNCC 6 barracas, 1 palco na quadra do Q B, 5 barracas no esporte Clube Boa Esperan\u00e7a, 2 barracas no loteamento Milton Vieira *<\/p>\n","protected":false},"excerpt":{"rendered":"<p>Distrito M\u00e1quina e caminh\u00f5es: Castelo S\u00e3o Manoel * Capina e ro\u00e7ada: Estrada do Catobira e Uni\u00e3o e Ind\u00fastria.. * Varri\u00e7\u00e3o fixo: Correas, Nogueira, Itaipava, Araras, Madame Machado, Secret\u00e1rio, Pedro do Rio e Vila Rica * Diretoria Operacional Limpeza de rio: Mosela, rua Raul Veiga &nbsp;* Capina: Vila Manoel Corr\u00eaa, Rua Irineu Corr\u00eaa, Bar\u00e3o do Rio&hellip;<\/p>\n","protected":false},"author":1,"featured_media":2167,"comment_status":"open","ping_status":"open","sticky":false,"template":"","format":"standard","meta":{"_themeisle_gutenberg_block_has_review":false,"footnotes":""},"categories":[1],"tags":[],"_links":{"self":[{"href":"https:\/\/comdep.com.br\/index.php?rest_route=\/wp\/v2\/posts\/2165"}],"collection":[{"href":"https:\/\/comdep.com.br\/index.php?rest_route=\/wp\/v2\/posts"}],"about":[{"href":"https:\/\/comdep.com.br\/index.php?rest_route=\/wp\/v2\/types\/post"}],"author":[{"embeddable":true,"href":"https:\/\/comdep.com.br\/index.php?rest_route=\/wp\/v2\/users\/1"}],"replies":[{"embeddable":true,"href":"https:\/\/comdep.com.br\/index.php?rest_route=%2Fwp%2Fv2%2Fcomments&post=2165"}],"version-history":[{"count":2,"href":"https:\/\/comdep.com.br\/index.php?rest_route=\/wp\/v2\/posts\/2165\/revisions"}],"predecessor-version":[{"id":2168,"href":"https:\/\/comdep.com.br\/index.php?rest_route=\/wp\/v2\/posts\/2165\/revisions\/2168"}],"wp:featuredmedia":[{"embeddable":true,"href":"https:\/\/comdep.com.br\/index.php?rest_route=\/wp\/v2\/media\/2167"}],"wp:attachment":[{"href":"https:\/\/comdep.com.br\/index.php?rest_route=%2Fwp%2Fv2%2Fmedia&parent=2165"}],"wp:term":[{"taxonomy":"category","embeddable":true,"href":"https:\/\/comdep.com.br\/index.php?rest_route=%2Fwp%2Fv2%2Fcategories&post=2165"},{"taxonomy":"post_tag","embeddable":true,"href":"https:\/\/comdep.com.br\/index.php?rest_route=%2Fwp%2Fv2%2Ftags&post=2165"}],"curies":[{"name":"wp","href":"https:\/\/api.w.org\/{rel}","templated":true}]}}