{"id":2177,"date":"2019-12-18T11:15:57","date_gmt":"2019-12-18T14:15:57","guid":{"rendered":"http:\/\/comdep.com.br\/?p=2177"},"modified":"2019-12-18T11:17:12","modified_gmt":"2019-12-18T14:17:12","slug":"comdep-trabalhando-hoje-18-12-2019-nos-seguintes-locais","status":"publish","type":"post","link":"https:\/\/comdep.com.br\/?p=2177","title":{"rendered":"COMDEP trabalhando hoje 18\/12\/2019 nos seguintes locais:"},"content":{"rendered":"<p><strong>Distrito<\/strong><\/p>\n<p><strong>M\u00e1quina e caminh\u00f5es<\/strong>: Castelo S\u00e3o Manoel, Uni\u00e3o ind\u00fastria *<\/p>\n<p><strong>Capina e ro\u00e7ada<\/strong>. Catobira, Uni\u00e3o Ind\u00fastria *<\/p>\n<p><strong>Varri\u00e7\u00e3o fixo<\/strong>: Corr\u00eaas, Nogueira, Itaipava, Araras, Madame Machado Secret\u00e1rio Pedro do Rio e Vila Rica *<\/p>\n<p><strong>Diretoria Operacional<\/strong><\/p>\n<p><strong>Limpeza de rio<\/strong>: rua Raul Veiga, Pedro Ivo &nbsp;*<\/p>\n<p><strong>Capina<\/strong>: Visconde do Bom Retiro, General Rondon, Olavo Bilac, Rua Sebasti\u00e3o de Carvalho, Rua Cardoso Fontes, Albino Siqueira, rua Wilson Medeiros de Vasconcelos, Madre Francisca Pia, Rua Par\u00e1, Rua Acre, rua Ant\u00f4nio Kronemberg, Rua Joaquim Gomensoro, Pedro Ivo, rua Fernandes Vieira, Estrada do Carangola, Rua Fl\u00e1vio Bessa, Pra\u00e7a Catulo, Get\u00falio Vargas, Rua \u00c1lvaro Machado &nbsp;*<\/p>\n<p><strong>Ro\u00e7ada<\/strong>: Quarteir\u00e3o Ingelheim, Bar\u00e3o do Rio Branco, Quarteir\u00e3o Brasileiro &nbsp;*<\/p>\n<p><strong>M\u00e1quinas e caminh\u00f5es<\/strong>: Sargento Boening, Sim\u00e9ria, S\u00e3o Norberto, Visconde de Itabora\u00ed, Rua Tenente Queiroz, Fabr\u00edcio de Matos, Ferrovi\u00e1rios, Rua Bahia, Esp\u00edrito Santo, Cear\u00e1, Rua Rio Grande do Norte, Rua Goi\u00e1s, Rua Mato Grosso, Paran\u00e1, Rua Minas Gerais &nbsp;*<\/p>\n<p><strong>Caminh\u00e3o Poli Guindaste<\/strong>: Independ\u00eancia &nbsp;*<\/p>\n<p><strong>Caminh\u00e3o D 08<\/strong>: General Rondon, Quitandinha, Coronel Veiga, Washington Luiz, Centro Hist\u00f3rico, Piabanha, Bar\u00e3o do Rio Branco, Dr. S\u00e1 Earp, Morim, Albino Siqueira, Crist\u00f3v\u00e3o Colombo, Conde D&#8217;Eu, Olavo Bilac e Turmas &nbsp;*<\/p>\n<p><strong>Varri\u00e7\u00e3o<\/strong>: Amazonas, Duques, General Rondon, Pontes do Fones, Olavo Bilac, Conde D&#8217;Eu, Castel\u00e2nea, pra\u00e7a Pasteur e Euclides da Cunha *<\/p>\n<p><strong>Caminh\u00e3o (C55) Pipa lavagem<\/strong>: Centro, Centro Hist\u00f3rico, pra\u00e7a Alcindo Sodr\u00e9 atr\u00e1s da banca de jornal, cal\u00e7ada em frente a sa\u00edda da rodovi\u00e1ria ap\u00f3s verificando o chafariz da pra\u00e7a do bosque *<\/p>\n<p><strong>Caminh\u00e3o (C20) recolhimento de sacos de varri\u00e7\u00e3o<\/strong>: General Rondon, coronel Veiga, Alto da Serra, Morin, Centro, Centro Hist\u00f3rico e Bingen *<\/p>\n<p><strong>(06) funcion\u00e1rios<\/strong> trabalhando na limpeza da pra\u00e7a da liberdade e Pal\u00e1cio de cristal (d\u00e1s 12:00 at\u00e9 17:00) turma extra, Natal imperial *<\/p>\n<p><strong>Parques e Jardins<\/strong><\/p>\n<p><strong>Corte de \u00e1rvores<\/strong>: Casa Bar\u00e3o de Mau\u00e1, Fazenda Inglesa *<\/p>\n<p><strong>Corte de grama<\/strong>: Coronel Veiga e Washington Luiz *<\/p>\n<p><strong>Jardim<\/strong>: Pra\u00e7a do Terra Santa, Imperatriz Alfredo Pach\u00e1 *<\/p>\n<p><strong>Caminh\u00e3o do jardim<\/strong>: transporte de hort\u00eansia *<\/p>\n<p><strong>Kombi<\/strong>: transporte de ferramentas *<\/p>\n<p><strong>Diretoria de obras<\/strong><\/p>\n<p><strong>Obras<\/strong>: instala\u00e7\u00e3o de cesta de 3 metros na Rua Minas Gerais, instala\u00e7\u00e3o de cesta de 3 metros, br 040, pr\u00f3ximo da Cervejaria Itaipava, instala\u00e7\u00e3o de cesta de 3 metros na rua Visc. de Taunay (Castelo S\u00e3o Manoel) *<\/p>\n<p><strong>El\u00e9trica<\/strong>: manuten\u00e7\u00e3o em chafarizes do Centro Hist\u00f3rico *<\/p>\n<p><strong>Serralheria<\/strong>: confec\u00e7\u00e3o de cestas de coletora na cia instala\u00e7\u00e3o de telas na quadra da Comunidade Sta Rita, Buj\u00e3o (Bela Vista) *<\/p>\n<p><strong>Carpintaria<\/strong>: recupera\u00e7\u00e3o e confec\u00e7\u00e3o de pe\u00e7as de pra\u00e7as e parquinhos, manuten\u00e7\u00e3o em brinquedos do parquinho infantil da Avenida Amaral Peixoto, Quitandinha *<\/p>\n<p><strong>Pintura<\/strong>: Rua Padre Feij\u00f3 (continua\u00e7\u00e3o), balaustres da Ponte dos Fones (continua\u00e7\u00e3o), pneu nos p\u00e9s da barraca, parquinho do Lagoinha *<\/p>\n<p><strong>Capina e ro\u00e7ada<\/strong>: Vi\u00fava Lima, Alcobacinha (continua\u00e7\u00e3o) *<\/p>\n<p><strong>Capina e limpeza de ralos<\/strong>: rua d. Pedro e Pra\u00e7a Wolney Aguiar, Conserva Centro (continua\u00e7\u00e3o) *<\/p>\n<p><strong>Capina e ro\u00e7ada<\/strong>: Rua Jer\u00f4nimo Ferreira Alves, Museu de Armas (Duques) *<\/p>\n<p><strong>Eventos<\/strong><\/p>\n<p><strong>Monta<\/strong>r Araras comunidade do Santa Luzia, Campo do Carrapatao, Sec. Obras, pra\u00e7a de Nogueira *<\/p>\n","protected":false},"excerpt":{"rendered":"<p>Distrito M\u00e1quina e caminh\u00f5es: Castelo S\u00e3o Manoel, Uni\u00e3o ind\u00fastria * Capina e ro\u00e7ada. Catobira, Uni\u00e3o Ind\u00fastria * Varri\u00e7\u00e3o fixo: Corr\u00eaas, Nogueira, Itaipava, Araras, Madame Machado Secret\u00e1rio Pedro do Rio e Vila Rica * Diretoria Operacional Limpeza de rio: rua Raul Veiga, Pedro Ivo &nbsp;* Capina: Visconde do Bom Retiro, General Rondon, Olavo Bilac, Rua Sebasti\u00e3o&hellip;<\/p>\n","protected":false},"author":1,"featured_media":2179,"comment_status":"open","ping_status":"open","sticky":false,"template":"","format":"standard","meta":{"_themeisle_gutenberg_block_has_review":false,"footnotes":""},"categories":[1],"tags":[],"_links":{"self":[{"href":"https:\/\/comdep.com.br\/index.php?rest_route=\/wp\/v2\/posts\/2177"}],"collection":[{"href":"https:\/\/comdep.com.br\/index.php?rest_route=\/wp\/v2\/posts"}],"about":[{"href":"https:\/\/comdep.com.br\/index.php?rest_route=\/wp\/v2\/types\/post"}],"author":[{"embeddable":true,"href":"https:\/\/comdep.com.br\/index.php?rest_route=\/wp\/v2\/users\/1"}],"replies":[{"embeddable":true,"href":"https:\/\/comdep.com.br\/index.php?rest_route=%2Fwp%2Fv2%2Fcomments&post=2177"}],"version-history":[{"count":2,"href":"https:\/\/comdep.com.br\/index.php?rest_route=\/wp\/v2\/posts\/2177\/revisions"}],"predecessor-version":[{"id":2180,"href":"https:\/\/comdep.com.br\/index.php?rest_route=\/wp\/v2\/posts\/2177\/revisions\/2180"}],"wp:featuredmedia":[{"embeddable":true,"href":"https:\/\/comdep.com.br\/index.php?rest_route=\/wp\/v2\/media\/2179"}],"wp:attachment":[{"href":"https:\/\/comdep.com.br\/index.php?rest_route=%2Fwp%2Fv2%2Fmedia&parent=2177"}],"wp:term":[{"taxonomy":"category","embeddable":true,"href":"https:\/\/comdep.com.br\/index.php?rest_route=%2Fwp%2Fv2%2Fcategories&post=2177"},{"taxonomy":"post_tag","embeddable":true,"href":"https:\/\/comdep.com.br\/index.php?rest_route=%2Fwp%2Fv2%2Ftags&post=2177"}],"curies":[{"name":"wp","href":"https:\/\/api.w.org\/{rel}","templated":true}]}}