{"id":2188,"date":"2019-12-19T14:00:37","date_gmt":"2019-12-19T17:00:37","guid":{"rendered":"http:\/\/comdep.com.br\/?p=2188"},"modified":"2019-12-19T14:16:13","modified_gmt":"2019-12-19T17:16:13","slug":"comdep-trabalhando-hoje-19-12-2019-nos-seguintes-locais","status":"publish","type":"post","link":"https:\/\/comdep.com.br\/?p=2188","title":{"rendered":"COMDEP trabalhando hoje 19\/12\/2019 nos seguintes locais:"},"content":{"rendered":"<p><strong>Distrito<\/strong><\/p>\n<p><strong>M\u00e1quina e caminh\u00e3o<\/strong>: Secret\u00e1rio &nbsp;*<\/p>\n<p><strong>Capina e ro\u00e7ada<\/strong>: Estrada das arcas e carrapat\u00e3o em Nogueira.. *<\/p>\n<p><strong>Varri\u00e7\u00e3o fixo<\/strong>: Correas, Nogueira, Itaipava, Araras, Madame Machado,Secret\u00e1rio Pedro do Rio e Vila Rica *<\/p>\n<p><strong>Diretoria Operacional<\/strong><\/p>\n<p><strong>Varri\u00e7\u00e3o<\/strong>: Centro, Centro Hist\u00f3rico, Rua Teresa, 24 de maio, Rua Nova, pra\u00e7a Pasteur, Castel\u00e2nea e S\u00e3o Sebasti\u00e3o *<\/p>\n<p><strong>Varri\u00e7\u00e3o<\/strong>: feira livre da pra\u00e7a Pasteur *<\/p>\n<p><strong>(06) funcion\u00e1rios<\/strong> trabalhando na limpeza da pra\u00e7a da liberdade e Pal\u00e1cio de cristal (das 12:00 at\u00e9 17:00) turma extra, Natal imperial. *<\/p>\n<p><strong>Caminh\u00e3o (C20) recolhimento de sacos de varri\u00e7\u00e3o<\/strong>: Quitandinha, Coronel Veiga, Alto da Serra, Morin, Centro, Centro Hist\u00f3rico e Bingen *<\/p>\n<p><strong>Caminh\u00e3o (C55) Pipa lavagem<\/strong>: Centro, Centro Hist\u00f3rico, pra\u00e7a Alcindo Sodr\u00e9 atr\u00e1s da banca de jornal e ap\u00f3s lavando o chafariz da Pra\u00e7a da Liberdade *<\/p>\n<p><strong>Limpeza de rio<\/strong>: &nbsp;Mosela *<\/p>\n<p><strong>Capina<\/strong>: &nbsp;Visconde do Bom Retiro, Rua Padre Anchieta, Rua Sebasti\u00e3o de Carvalho, Rua Dom Jo\u00e3o Braga, rua Nelson Silva, Madre Francisca Pia, Rua Par\u00e1, Rua Acre, Rua M\u00e1rio Tapaj\u00f3s, Joaquim Gomensoro, Pedro Ivo, Estrada do Carangola, Vila Jo\u00e3o Borges, Pra\u00e7a Catulo, Get\u00falio Vargas, Rua Vital Brasil &nbsp;*<\/p>\n<p><strong>Ro\u00e7ada<\/strong>: &nbsp;Quarteir\u00e3o Brasileiro, Quarteir\u00e3o Ingelheim, Bar\u00e3o do Rio Branco &nbsp;*<\/p>\n<p><strong>M\u00e1quinas e caminh\u00f5es<\/strong>: &nbsp;Sim\u00e9ria, Joaquim Gomensoro, S\u00e3o Norberto, Visconde de Itabora\u00ed, Tenente Queiroz, Fabr\u00edcio de Matos, Paulino Afonso, Terra Santa, Pra\u00e7a Catulo, Ferrovi\u00e1rios, rua Goi\u00e1s, rua Mato Grosso do Sul, Rua Paran\u00e1, rua Minas Gerais, Rua Rio de Janeiro &nbsp;*<\/p>\n<p><strong>Caminh\u00e3o Poli Guindaste<\/strong>: &nbsp;Independ\u00eancia &nbsp;*<\/p>\n<p><strong>Caminh\u00e3o D 08<\/strong>: General Rondon, Quitandinha, Coronel Veiga, Washington Luiz, Centro Hist\u00f3rico, Piabanha, Bingen, Bar\u00e3o do Rio Branco, Dr. S\u00e1 Earp, Morim, Crist\u00f3v\u00e3o Colombo, Conde D&#8217;Eu, Olavo Bilac e Turmas *<\/p>\n<p><strong>Parques e Jardins<\/strong><\/p>\n<p><strong>Corte de \u00c1rvores<\/strong>: Serra Velha da Estrela servi\u00e7o em conjunto com a Enel *<\/p>\n<p><strong>Corte de grama<\/strong>: Bingen &nbsp;*<\/p>\n<p><strong>Jardim<\/strong>: Alfredo Pach\u00e1 Visconde de Itabora\u00ed &nbsp;*<\/p>\n<p><strong>Kombi do jardim<\/strong>: transporte de ferramentas e hort\u00eancias Par\u00e1 Alfredo Pach\u00e1 &nbsp;*<\/p>\n<p><strong>Caminh\u00e3o do jardim<\/strong>: manuten\u00e7\u00e3o *<\/p>\n<p><strong>Diretoria Obras<\/strong><\/p>\n<p><strong>Obras<\/strong>: instala\u00e7\u00e3o de cesta na rua minas gerais depois da quadra (Quitandinha) e rua Alagoas (Quitandinha) *<\/p>\n<p><strong>El\u00e9trica<\/strong>: manuten\u00e7\u00e3o em chafarizes do Centro Hist\u00f3ricos *<\/p>\n<p><strong>Serralheria<\/strong>: confec\u00e7\u00e3o de cestas de coletoras na cia, instala\u00e7\u00e3o de telas na quadra na Comunidade Santa Rita, Buj\u00e3o, (Bela Vista) &nbsp;*<\/p>\n<p><strong>Carpintaria<\/strong>: confec\u00e7\u00e3o de bancos e brinquedos de pra\u00e7as e parquinhos &nbsp;*<\/p>\n<p><strong>Pintura<\/strong>: rua General Marciano Magalh\u00e3es, Morin (continua\u00e7\u00e3o) ,balaustres na ponte dos fones (quitandinha) *<\/p>\n<p><strong>Capina e ro\u00e7ada<\/strong>: Rua Manoel Ferreira da Silva (Rua do Castelo das Armas) Duques *<\/p>\n<p><strong>Capina e limpeza de ralos<\/strong>: Rua D. Pedro e Pra\u00e7a Wolney Aguiar (continua\u00e7\u00e3o) *<\/p>\n<p><strong>Obs:<\/strong> tendo em vista a mudan\u00e7a do tempo, os servi\u00e7os de pintura sofreram altera\u00e7\u00f5es no dia de hoje, n\u00e3o trabalharemos com tinta a fim de evitar o desperd\u00edcio.Estaremos raspando, escovando e assim. Preparando para pintura com a melhora do tempo, nos seguintes lugares: entrada do Cremerie, General Rondon, Pr\u00f3ximo da UPA Centro *<\/p>\n<p><strong>Eventos<\/strong><\/p>\n<p><strong>Montar<\/strong> 7 barracas no Sesc Nogueira (Pol\u00edcia Militar), pra\u00e7a de Cascatinha 1 PALCO e 2 barracas, comunidade da Gloria 4 barracas na Quadra, rua Francisco Scalli 1palco e 2 barracas, Associa\u00e7\u00e3o de moradores do Contorno *<\/p>\n","protected":false},"excerpt":{"rendered":"<p>Distrito M\u00e1quina e caminh\u00e3o: Secret\u00e1rio &nbsp;* Capina e ro\u00e7ada: Estrada das arcas e carrapat\u00e3o em Nogueira.. * Varri\u00e7\u00e3o fixo: Correas, Nogueira, Itaipava, Araras, Madame Machado,Secret\u00e1rio Pedro do Rio e Vila Rica * Diretoria Operacional Varri\u00e7\u00e3o: Centro, Centro Hist\u00f3rico, Rua Teresa, 24 de maio, Rua Nova, pra\u00e7a Pasteur, Castel\u00e2nea e S\u00e3o Sebasti\u00e3o * Varri\u00e7\u00e3o: feira livre&hellip;<\/p>\n","protected":false},"author":1,"featured_media":2190,"comment_status":"open","ping_status":"open","sticky":false,"template":"","format":"standard","meta":{"_themeisle_gutenberg_block_has_review":false,"footnotes":""},"categories":[1],"tags":[],"_links":{"self":[{"href":"https:\/\/comdep.com.br\/index.php?rest_route=\/wp\/v2\/posts\/2188"}],"collection":[{"href":"https:\/\/comdep.com.br\/index.php?rest_route=\/wp\/v2\/posts"}],"about":[{"href":"https:\/\/comdep.com.br\/index.php?rest_route=\/wp\/v2\/types\/post"}],"author":[{"embeddable":true,"href":"https:\/\/comdep.com.br\/index.php?rest_route=\/wp\/v2\/users\/1"}],"replies":[{"embeddable":true,"href":"https:\/\/comdep.com.br\/index.php?rest_route=%2Fwp%2Fv2%2Fcomments&post=2188"}],"version-history":[{"count":2,"href":"https:\/\/comdep.com.br\/index.php?rest_route=\/wp\/v2\/posts\/2188\/revisions"}],"predecessor-version":[{"id":2191,"href":"https:\/\/comdep.com.br\/index.php?rest_route=\/wp\/v2\/posts\/2188\/revisions\/2191"}],"wp:featuredmedia":[{"embeddable":true,"href":"https:\/\/comdep.com.br\/index.php?rest_route=\/wp\/v2\/media\/2190"}],"wp:attachment":[{"href":"https:\/\/comdep.com.br\/index.php?rest_route=%2Fwp%2Fv2%2Fmedia&parent=2188"}],"wp:term":[{"taxonomy":"category","embeddable":true,"href":"https:\/\/comdep.com.br\/index.php?rest_route=%2Fwp%2Fv2%2Fcategories&post=2188"},{"taxonomy":"post_tag","embeddable":true,"href":"https:\/\/comdep.com.br\/index.php?rest_route=%2Fwp%2Fv2%2Ftags&post=2188"}],"curies":[{"name":"wp","href":"https:\/\/api.w.org\/{rel}","templated":true}]}}