{"id":2192,"date":"2019-12-20T11:15:18","date_gmt":"2019-12-20T14:15:18","guid":{"rendered":"http:\/\/comdep.com.br\/?p=2192"},"modified":"2019-12-20T13:42:44","modified_gmt":"2019-12-20T16:42:44","slug":"comdep-trabalhando-hoje-20-12-2019-nos-seguintes-locais","status":"publish","type":"post","link":"https:\/\/comdep.com.br\/?p=2192","title":{"rendered":"COMDEP trabalhando hoje 20\/12\/2019 nos seguintes locais:"},"content":{"rendered":"<p><strong>Eventos<\/strong><\/p>\n<p><strong>Montar<\/strong> palco na rua Rio de Janeiro.&nbsp; Manuten\u00e7\u00e3o no material e qualquer solicita\u00e7\u00e3o da presid\u00eancia da Rep\u00fablica da presid\u00eancia *<\/p>\n<p><strong>Diretoria de Obras<\/strong><\/p>\n<p><strong>Obras<\/strong>: Instalar uma tampa de bueiro na Rua Henrique Rafard 222, coletoras no Vale das Flores (ao lado do Seu Tatu) Bonfim, Rua Alexandre Alves Antunes (em frente a Servid\u00e3o Pedro) Bonfim, Vila Alzira (em frente a Raquel) Bonfim *<\/p>\n<p><strong>El\u00e9trica<\/strong>: vistoria no bebedouro do Parque&nbsp; Cremerie, manuten\u00e7\u00e3o em chafarizes do Centro Hist\u00f3rico *<\/p>\n<p><strong>Serralheria<\/strong>: confec\u00e7\u00e3o de cestas de coletoras na cia, &nbsp;instala\u00e7\u00e3o de tela na Comunidade Sta Rita, Buj\u00e3o (Bela Vista), instala\u00e7\u00e3o de tela na Rua Marciano Magalh\u00e3es, Morin (em frente a antiga Sta Helena) *<\/p>\n<p><strong>Carpintaria<\/strong>: confec\u00e7\u00e3o de bancos e pe\u00e7as de pra\u00e7as de parquinhos *<\/p>\n<p><strong>Pintura<\/strong>: preparando para pintura os seguintes lugares: Rua Marciano Magalh\u00e3es, Morin (continua\u00e7\u00e3o), balaustres na Ponte dos Fones (continua\u00e7\u00e3o), entrada do Independ\u00eancia (continua\u00e7\u00e3o) *<\/p>\n<p><strong>Capina e ro\u00e7ada<\/strong>: Rua Manoel Ferreira da Silva (Rua do Castelo Das Armas) Duques, continua\u00e7\u00e3o *<\/p>\n<p><strong>Capina e limpeza de ralos<\/strong>: rua d. Pedro e Pra\u00e7a Wolney Aguiar, Conserva Centro (continua\u00e7\u00e3o) *<\/p>\n<p><strong>Diretoria Operacional<\/strong><\/p>\n<p><strong>Limpeza de rio<\/strong>: General Rondon, Washington Luiz &nbsp;*<\/p>\n<p><strong>Capina<\/strong>: Coronel Veiga, rua Al\u00edpio Gomes da Costa, Dom Jo\u00e3o Braga, Rua Santo Ant\u00f4nio, Rua Guatemala, Rua Esp\u00edrito Santo, Rua Gon\u00e7alves Dias, Rua Eug\u00eanio Werneck (Morim), Rua Luiz de Cam\u00f5es, Rua Almirante Saldanha, Rua Ant\u00f4nio Noel, Pra\u00e7a Catulo, Rua Vital Brasil &nbsp;*<\/p>\n<p><strong>Ro\u00e7ada<\/strong>: Rua Nicar\u00e1gua, Morro Azul , Morro do Guinelo &nbsp;*<\/p>\n<p><strong>M\u00e1quinas e caminh\u00f5es<\/strong>: S\u00e3o Sebasti\u00e3o, Get\u00falio Vargas, Guatemala, Duarte da Silveira, Capela, Dias de Oliveira, Floriano Peixoto, Fonseca Ramos, Francisco Scali, Provis\u00f3ria &nbsp;*<\/p>\n<p><strong>Caminh\u00e3o Poli Guindaste<\/strong>: Independ\u00eancia &nbsp;*<\/p>\n<p><strong>Caminh\u00e3o D 08<\/strong>: General Rondon, Quitandinha, Coronel Veiga, Washington Luiz, Centro Hist\u00f3rico, Piabanha, Bar\u00e3o do Rio Branco, Dr. S\u00e1 Earp, Morim e Turmas *<\/p>\n<p><strong>Diretoria de Limpeza Urbana<\/strong><\/p>\n<p><strong>Varri\u00e7\u00e3o<\/strong>: Rua Teresa, Alto da Serra, Vila Felipe, Ch\u00e1cara Flora, Cardoso fontes, pra\u00e7a Pasteur e Quitandinha *<\/p>\n<p><strong>Varri\u00e7\u00e3o<\/strong>: feira livre da rua Francisco Manoel *<\/p>\n<p><strong>Caminh\u00e3o (C55) Pipa lavagem<\/strong>: Centro, Centro Hist\u00f3rico, pra\u00e7a Alcindo Sodr\u00e9 atr\u00e1s da banca de jornal *<\/p>\n<p><strong>Caminh\u00e3o (C20) recolhimento de sacos de varri\u00e7\u00e3o<\/strong>: Quitandinha, Coronel Veiga, Alto da Serra, Morim, Centro, Centro Hist\u00f3rico e Bingen *<\/p>\n<p><strong>Distritos<\/strong><\/p>\n<p><strong>Capina e ro\u00e7ada<\/strong>: Estrada das Arcas, Carrapat\u00e3o *<\/p>\n<p><strong>M\u00e1quina e caminh\u00f5es<\/strong>: Secret\u00e1rio *<\/p>\n<p><strong>Varri\u00e7\u00e3o fixo<\/strong>: Correas, Nogueira, Itaipava, Araras, Madame Machado,&nbsp; Secret\u00e1rio, Pedro&nbsp; do Rio e Vila Rica *<\/p>\n<p><strong>Corte de \u00e1rvores<\/strong>: Dr. S\u00e1 Earp, Morin *<\/p>\n","protected":false},"excerpt":{"rendered":"<p>Eventos Montar palco na rua Rio de Janeiro.&nbsp; Manuten\u00e7\u00e3o no material e qualquer solicita\u00e7\u00e3o da presid\u00eancia da Rep\u00fablica da presid\u00eancia * Diretoria de Obras Obras: Instalar uma tampa de bueiro na Rua Henrique Rafard 222, coletoras no Vale das Flores (ao lado do Seu Tatu) Bonfim, Rua Alexandre Alves Antunes (em frente a Servid\u00e3o Pedro)&hellip;<\/p>\n","protected":false},"author":1,"featured_media":2198,"comment_status":"open","ping_status":"open","sticky":false,"template":"","format":"standard","meta":{"_themeisle_gutenberg_block_has_review":false,"footnotes":""},"categories":[1],"tags":[],"_links":{"self":[{"href":"https:\/\/comdep.com.br\/index.php?rest_route=\/wp\/v2\/posts\/2192"}],"collection":[{"href":"https:\/\/comdep.com.br\/index.php?rest_route=\/wp\/v2\/posts"}],"about":[{"href":"https:\/\/comdep.com.br\/index.php?rest_route=\/wp\/v2\/types\/post"}],"author":[{"embeddable":true,"href":"https:\/\/comdep.com.br\/index.php?rest_route=\/wp\/v2\/users\/1"}],"replies":[{"embeddable":true,"href":"https:\/\/comdep.com.br\/index.php?rest_route=%2Fwp%2Fv2%2Fcomments&post=2192"}],"version-history":[{"count":2,"href":"https:\/\/comdep.com.br\/index.php?rest_route=\/wp\/v2\/posts\/2192\/revisions"}],"predecessor-version":[{"id":2199,"href":"https:\/\/comdep.com.br\/index.php?rest_route=\/wp\/v2\/posts\/2192\/revisions\/2199"}],"wp:featuredmedia":[{"embeddable":true,"href":"https:\/\/comdep.com.br\/index.php?rest_route=\/wp\/v2\/media\/2198"}],"wp:attachment":[{"href":"https:\/\/comdep.com.br\/index.php?rest_route=%2Fwp%2Fv2%2Fmedia&parent=2192"}],"wp:term":[{"taxonomy":"category","embeddable":true,"href":"https:\/\/comdep.com.br\/index.php?rest_route=%2Fwp%2Fv2%2Fcategories&post=2192"},{"taxonomy":"post_tag","embeddable":true,"href":"https:\/\/comdep.com.br\/index.php?rest_route=%2Fwp%2Fv2%2Ftags&post=2192"}],"curies":[{"name":"wp","href":"https:\/\/api.w.org\/{rel}","templated":true}]}}