{"id":2211,"date":"2019-12-23T13:47:02","date_gmt":"2019-12-23T16:47:02","guid":{"rendered":"http:\/\/comdep.com.br\/?p=2211"},"modified":"2019-12-23T13:51:51","modified_gmt":"2019-12-23T16:51:51","slug":"comdep-trabalhando-hoje-23-12-2019-nos-seguintes-locais","status":"publish","type":"post","link":"https:\/\/comdep.com.br\/?p=2211","title":{"rendered":"COMDEP trabalhando hoje 23\/12\/2019 nos seguintes locais:"},"content":{"rendered":"<p><strong>Distrito<\/strong><\/p>\n<p><strong>M\u00e1quina<\/strong> com dois caminh\u00f5es, continua\u00e7\u00e3o Bairro da Gl\u00f3ria *<\/p>\n<p><strong>Varri\u00e7\u00e3o fixo<\/strong>: Correas, Nogueira, Itaipava, Araras, Madame Machado Secret\u00e1rio Pedro do Rio e Vila Rica *<\/p>\n<p><strong>Capina e ro\u00e7ada<\/strong>: Vale do Cuiab\u00e1 Comunidade Quilombola *<\/p>\n<p><strong>Diretoria Operacional<\/strong><\/p>\n<p><strong>Limpeza de rio<\/strong>: General Rondon &nbsp;*<\/p>\n<p><strong>Capina<\/strong>: Coronel Veiga, General Rondon, Rua Sebasti\u00e3o de Carvalho, Dom Jo\u00e3o Braga, Rua Nelson Silva, Madre Francisca Pia, rua Guatemala, Rua M\u00e1rio Tapaj\u00f3s, Rua Gon\u00e7alves Dias, Werneck, At\u00edlio Maroti, Estrada do Carangola, Jo\u00e3o Xavier, Euclides da Cunha, Rua Vital Brasil &nbsp;*<\/p>\n<p><strong>Ro\u00e7ada<\/strong>: Bar\u00e3o do Rio Branco, Quarteir\u00e3o Brasileiro, Rua Itaperuna &nbsp;*<\/p>\n<p><strong>M\u00e1quinas e Caminh\u00f5es<\/strong>: Ponte Fones, Olavo Bilac, Crist\u00f3v\u00e3o Colombo, Saldanha Marinho, Washington Luiz, Rua Teresa, Rua Santo Ant\u00f4nio, Dpo (Lopes Trov\u00e3o), Alfredo Schilick, Pra\u00e7a Catulo, Dr. S\u00e1 Earp, Souza Franco, Floriano Peixoto, Rua Alberto Torres, Fonseca Ramos, Floresta, 14 Bis, Rua Guatemala (Bob Cat), Get\u00falio Vargas, Rua Par\u00e1, Rio de Janeiro, Rua Minas Gerais &nbsp;*<\/p>\n<p><strong>Caminh\u00e3o Poli Guindast<\/strong>e: Independ\u00eancia &nbsp;*<\/p>\n<p><strong>Caminh\u00e3o D 08<\/strong>: General Rondon, Quitandinha, Coronel Veiga, Washington Luiz, Centro Hist\u00f3rico, Piabanha, Bar\u00e3o do Rio, Dr. S\u00e1 Earp Morim, Albino Siqueira, Crist\u00f3v\u00e3o Colombo, Olavo Bilac, Conde D&#8217;eu e Turmas *<\/p>\n<p><strong>Varri\u00e7\u00e3o<\/strong>: Capela, Manoel Torres, Duarte da Silveira, Bairro Castrioto, Mosela, 7 de Abril, Fabr\u00edcio de Matos, trono de F\u00e1tima e Centro *<\/p>\n<p><strong>Caminh\u00e3o (C20) recolhimento de sacos de varri\u00e7\u00e3o<\/strong>: Quitandinha, Coronel Veiga, pra\u00e7a Pasteur, Alto da Serra, Morim, Centro, Centro Hist\u00f3rico, Cascatinha e Bingen *<\/p>\n<p><strong>Caminh\u00e3o (C55) Pipa lavagem<\/strong>: Centro, Centro Hist\u00f3rico, pra\u00e7a Alcindo Sodr\u00e9 atr\u00e1s da banca de jornal ap\u00f3s verificando o chafariz da pra\u00e7a de Cascatinha *<\/p>\n<p><strong>Diretoria de Parques e Jardins &nbsp;<\/strong><\/p>\n<p><strong>Corte de grama<\/strong>: Bingen &nbsp;*<\/p>\n<p><strong>Jardim:<\/strong> Itaipava plantar grama jardim Alfredo Pach\u00e1, plantar Hort\u00eancias<\/p>\n<p><strong>Kombi do jardim<\/strong>: transporte de ferramentas<\/p>\n<p><strong>Caminh\u00e3o do jardim<\/strong>: Itaipava *<\/p>\n<p><strong>Diretoria de Obras<\/strong><\/p>\n<p><strong>Obras<\/strong>: recupera\u00e7\u00e3o de coletora na Rua Joaquim Gomensoro, Valpara\u00edso, recupera\u00e7\u00e3o de coletora na Estrada Silveira da Motta (pr\u00f3ximo da Granja Claudia) *<\/p>\n<p><strong>Serralheria<\/strong>: confec\u00e7\u00e3o de cestas de coletoras na cia, Comunidade Sta Rita, Buj\u00e3o (Bela Vista), pra\u00e7a do coreto na Mosela. *<\/p>\n<p><strong>Carpintaria<\/strong>: confec\u00e7\u00e3o de bancos e pe\u00e7as de parques e pracinhas. *<\/p>\n<p><strong>El\u00e9trica<\/strong>: manuten\u00e7\u00e3o de chafarizes do Centro Hist\u00f3rico *<\/p>\n<p><strong>Pintura<\/strong>: limpeza para pintura em balaustres da Ponte dos Fones, limpeza para pintura na Coronel Veiga, limpeza em balaustres no entorno da feira livre (Caldas Viana) *<\/p>\n<p><strong>Capina e ro\u00e7ada<\/strong>: Rua Jo\u00e3o de Farias (continua\u00e7\u00e3o) *<\/p>\n<p><strong>Capina e ro\u00e7ada<\/strong>: rua Manoel Ferreira da Silva (Rua do Castelo das Armas) Duques, continua\u00e7\u00e3o *<\/p>\n<p><strong>Capina e limpeza de ralos<\/strong>: Rua d. Pedro e pra\u00e7a wolney aguiar (conserva Centro) continua\u00e7\u00e3o *<\/p>\n<p><strong>Eventos <\/strong><\/p>\n<p><strong>Retira<\/strong>r Rua Rio de janeiro, Rua Francisco Scalli, pra\u00e7a de Cascatinha, Comunidade, do Contorno, comunidade da Gloria, Campo do Carrapat\u00e3o, Araras, Posse *<\/p>\n","protected":false},"excerpt":{"rendered":"<p>Distrito M\u00e1quina com dois caminh\u00f5es, continua\u00e7\u00e3o Bairro da Gl\u00f3ria * Varri\u00e7\u00e3o fixo: Correas, Nogueira, Itaipava, Araras, Madame Machado Secret\u00e1rio Pedro do Rio e Vila Rica * Capina e ro\u00e7ada: Vale do Cuiab\u00e1 Comunidade Quilombola * Diretoria Operacional Limpeza de rio: General Rondon &nbsp;* Capina: Coronel Veiga, General Rondon, Rua Sebasti\u00e3o de Carvalho, Dom Jo\u00e3o Braga,&hellip;<\/p>\n","protected":false},"author":1,"featured_media":2213,"comment_status":"open","ping_status":"open","sticky":false,"template":"","format":"standard","meta":{"_themeisle_gutenberg_block_has_review":false,"footnotes":""},"categories":[1],"tags":[],"_links":{"self":[{"href":"https:\/\/comdep.com.br\/index.php?rest_route=\/wp\/v2\/posts\/2211"}],"collection":[{"href":"https:\/\/comdep.com.br\/index.php?rest_route=\/wp\/v2\/posts"}],"about":[{"href":"https:\/\/comdep.com.br\/index.php?rest_route=\/wp\/v2\/types\/post"}],"author":[{"embeddable":true,"href":"https:\/\/comdep.com.br\/index.php?rest_route=\/wp\/v2\/users\/1"}],"replies":[{"embeddable":true,"href":"https:\/\/comdep.com.br\/index.php?rest_route=%2Fwp%2Fv2%2Fcomments&post=2211"}],"version-history":[{"count":2,"href":"https:\/\/comdep.com.br\/index.php?rest_route=\/wp\/v2\/posts\/2211\/revisions"}],"predecessor-version":[{"id":2214,"href":"https:\/\/comdep.com.br\/index.php?rest_route=\/wp\/v2\/posts\/2211\/revisions\/2214"}],"wp:featuredmedia":[{"embeddable":true,"href":"https:\/\/comdep.com.br\/index.php?rest_route=\/wp\/v2\/media\/2213"}],"wp:attachment":[{"href":"https:\/\/comdep.com.br\/index.php?rest_route=%2Fwp%2Fv2%2Fmedia&parent=2211"}],"wp:term":[{"taxonomy":"category","embeddable":true,"href":"https:\/\/comdep.com.br\/index.php?rest_route=%2Fwp%2Fv2%2Fcategories&post=2211"},{"taxonomy":"post_tag","embeddable":true,"href":"https:\/\/comdep.com.br\/index.php?rest_route=%2Fwp%2Fv2%2Ftags&post=2211"}],"curies":[{"name":"wp","href":"https:\/\/api.w.org\/{rel}","templated":true}]}}