{"id":2216,"date":"2019-12-24T11:32:31","date_gmt":"2019-12-24T14:32:31","guid":{"rendered":"http:\/\/comdep.com.br\/?p=2216"},"modified":"2019-12-24T11:34:15","modified_gmt":"2019-12-24T14:34:15","slug":"comdep-trabalhando-hoje-24-12-2019-nos-seguintes-locais","status":"publish","type":"post","link":"https:\/\/comdep.com.br\/?p=2216","title":{"rendered":"COMDEP trabalhando hoje 24\/12\/2019 nos seguintes locais:"},"content":{"rendered":"<p><strong>Diretoria Operacional<\/strong><\/p>\n<p><strong>Capina<\/strong>: Rua Ana Elizabeth Weber, rua Jo\u00e3o J\u00falio Braun, rua Vitor Meirelles, rua Felipo Gelli *<\/p>\n<p><strong> Ro\u00e7ada<\/strong>: rua Sargento Fontes &nbsp;*<\/p>\n<p><strong>M\u00e1quinas e Caminh\u00f5es<\/strong>: S\u00e3o Sebasti\u00e3o, Capit\u00e3o Paladino, Dr. S\u00e1 Earp, Morim, Visconde do Bom Retiro, Souza Franco, Duarte da Silveira &nbsp;&nbsp;*<\/p>\n<p><strong>Caminh\u00e3o D 08<\/strong>: General Rondon, Quitandinha, Coronel Veiga, Washington Luiz, Centro Hist\u00f3rico, Piabanha, Bar\u00e3o do Rio Branco, Dr. S\u00e1 Earp, Morim, Crist\u00f3v\u00e3o Colombo, Olavo Bilac, Conde D&#8217;Eu e Turmas *<\/p>\n<p><strong>Diretoria de Limpeza Urbana<\/strong><\/p>\n<p><strong>Varri\u00e7\u00e3o<\/strong>: Cascatinha, Alto da Boa Vista, Estrada da Saudade, Fonseca Ramos, Bairro Esperan\u00e7a e Bela vista. *<\/p>\n<p><strong>Varri\u00e7\u00e3o<\/strong>: feira livre do Centro. *<\/p>\n<p><strong>(03) funcion\u00e1rios<\/strong> trabalhando na feira livre do Centro &nbsp;*<\/p>\n<p><strong>Caminh\u00e3o ( C20 ) recolhimento de sacos de varri\u00e7\u00e3o<\/strong>: Quitandinha, Coronel Veiga, Alto da Serra, Morin, Centro, Centro Hist\u00f3rico e Bingen. *<\/p>\n<p><strong>Caminh\u00e3o ( C55 ) Pipa lavagem<\/strong>: Centro, Centro Hist\u00f3rico, pra\u00e7a Alcindo Sodr\u00e9 atr\u00e1s da banca de jornal ap\u00f3s verificando o chafariz da pra\u00e7a da Inconfid\u00eancia. *<\/p>\n<p><strong>Eventos<\/strong><\/p>\n<p><strong>Montar<\/strong> palco no bairro At\u00edlio Maroti e desmontar campo do Carrapatao&nbsp; manuten\u00e7\u00e3o no material *<\/p>\n","protected":false},"excerpt":{"rendered":"<p>Diretoria Operacional Capina: Rua Ana Elizabeth Weber, rua Jo\u00e3o J\u00falio Braun, rua Vitor Meirelles, rua Felipo Gelli * Ro\u00e7ada: rua Sargento Fontes &nbsp;* M\u00e1quinas e Caminh\u00f5es: S\u00e3o Sebasti\u00e3o, Capit\u00e3o Paladino, Dr. S\u00e1 Earp, Morim, Visconde do Bom Retiro, Souza Franco, Duarte da Silveira &nbsp;&nbsp;* Caminh\u00e3o D 08: General Rondon, Quitandinha, Coronel Veiga, Washington Luiz, Centro&hellip;<\/p>\n","protected":false},"author":1,"featured_media":2218,"comment_status":"open","ping_status":"open","sticky":false,"template":"","format":"standard","meta":{"_themeisle_gutenberg_block_has_review":false,"footnotes":""},"categories":[1],"tags":[],"_links":{"self":[{"href":"https:\/\/comdep.com.br\/index.php?rest_route=\/wp\/v2\/posts\/2216"}],"collection":[{"href":"https:\/\/comdep.com.br\/index.php?rest_route=\/wp\/v2\/posts"}],"about":[{"href":"https:\/\/comdep.com.br\/index.php?rest_route=\/wp\/v2\/types\/post"}],"author":[{"embeddable":true,"href":"https:\/\/comdep.com.br\/index.php?rest_route=\/wp\/v2\/users\/1"}],"replies":[{"embeddable":true,"href":"https:\/\/comdep.com.br\/index.php?rest_route=%2Fwp%2Fv2%2Fcomments&post=2216"}],"version-history":[{"count":2,"href":"https:\/\/comdep.com.br\/index.php?rest_route=\/wp\/v2\/posts\/2216\/revisions"}],"predecessor-version":[{"id":2219,"href":"https:\/\/comdep.com.br\/index.php?rest_route=\/wp\/v2\/posts\/2216\/revisions\/2219"}],"wp:featuredmedia":[{"embeddable":true,"href":"https:\/\/comdep.com.br\/index.php?rest_route=\/wp\/v2\/media\/2218"}],"wp:attachment":[{"href":"https:\/\/comdep.com.br\/index.php?rest_route=%2Fwp%2Fv2%2Fmedia&parent=2216"}],"wp:term":[{"taxonomy":"category","embeddable":true,"href":"https:\/\/comdep.com.br\/index.php?rest_route=%2Fwp%2Fv2%2Fcategories&post=2216"},{"taxonomy":"post_tag","embeddable":true,"href":"https:\/\/comdep.com.br\/index.php?rest_route=%2Fwp%2Fv2%2Ftags&post=2216"}],"curies":[{"name":"wp","href":"https:\/\/api.w.org\/{rel}","templated":true}]}}