{"id":2224,"date":"2019-12-26T12:38:43","date_gmt":"2019-12-26T15:38:43","guid":{"rendered":"http:\/\/comdep.com.br\/?p=2224"},"modified":"2019-12-26T12:44:53","modified_gmt":"2019-12-26T15:44:53","slug":"comdep-trabalhando-hoje-26-12-2019-nos-seguintes-locais","status":"publish","type":"post","link":"https:\/\/comdep.com.br\/?p=2224","title":{"rendered":"COMDEP trabalhando hoje 26\/12\/2019 nos seguintes locais:"},"content":{"rendered":"<p><strong>Distrito<\/strong><\/p>\n<p><strong>M\u00e1quina com um caminh\u00e3o<\/strong>: continua\u00e7\u00e3o Bairro da gl\u00f3ria *<\/p>\n<p><strong>Capina e ro\u00e7ada:<\/strong> parque de exposi\u00e7\u00e3o, pra\u00e7a de skate *<\/p>\n<p><strong>Varri\u00e7\u00e3o fixo<\/strong>: Corr\u00eaas, Nogueira, Itaipava, Araras, Madame Machado Secret\u00e1rio Pedro do Rio e Vila Rica *<\/p>\n<p><strong>Diretoria Operacional *<\/strong><\/p>\n<p><strong>Raspagem de Terra<\/strong>: Coronel Veiga &nbsp;*<\/p>\n<p><strong>Capina<\/strong>: Travessa Fragoso, Dom Jo\u00e3o Braga, Rua Guatemala, Rua Nicar\u00e1gua, Rua Madre Francisca Pia, rua M\u00e1rio Tapaj\u00f3s, rua Guilherme Blazer, Pedro Ivo, Rua Em\u00edlio Zaluar, Jo\u00e3o Xavier, Euclides da Cunha, Rua Paula Gomide, Rua Cust\u00f3dio Ferreira &nbsp;*<\/p>\n<p><strong>Ro\u00e7ada<\/strong>: rua Itaperuna, Afr\u00e2nio de Melo Franco &nbsp;*<\/p>\n<p><strong>M\u00e1quinas e Caminh\u00f5es<\/strong>: Pra\u00e7a Catulo, S\u00e3o Sebasti\u00e3o, Coronel Veiga, Get\u00falio Vargas, 24 de Maio, Bar\u00e3o do Rio Branco, At\u00edlio Maroti, Carangola, Vi\u00fava Lima, Bernardo de Vasconcelos, Rua Luiz Paulistano &nbsp;*<\/p>\n<p><strong>Caminh\u00e3o Poli Guindaste<\/strong>: Independ\u00eancia &nbsp;*<\/p>\n<p><strong>Caminh\u00e3o D 08<\/strong>: General Rondon, Quitandinha, Coronel Veiga, Washington Luiz, Centro Hist\u00f3rico, Bar\u00e3o do Rio Branco, Dr. S\u00e1 Earp, Morim, Albino Siqueira, Crist\u00f3v\u00e3o Colombo, Conde D&#8217;eu, Olavo Bilac e Turmas . *<\/p>\n<p><strong>Varri\u00e7\u00e3o<\/strong>: Get\u00falio Vargas, general Rondon, Coronel Veiga, Olavo Bilac, Castel\u00e2nea, Simeria e S\u00e3o Sebasti\u00e3o. *<\/p>\n<p><strong>Caminh\u00e3o (C20) recolhimento de sacos de varri\u00e7\u00e3o<\/strong>: Quitandinha, Coronel Veiga, Alto da Serra, Morin, Centro, Centro Hist\u00f3rico e Bingen. *<\/p>\n<p><strong>Caminh\u00e3o (C55) Pipa lavagem<\/strong>: Centro, Centro Hist\u00f3rico, pra\u00e7a Alcindo Sodr\u00e9 atr\u00e1s da banca de jornal ap\u00f3s verificando o chafariz de Cascatinha. *<\/p>\n<p><strong>Parques e Jardins<br \/>\n<\/strong><\/p>\n<p><strong>Poda de \u00c1rvore<\/strong>: Morin *<\/p>\n<p><strong>Diretoria de Obras<\/strong><\/p>\n<p><strong>Obras<\/strong>: Rua Padre Moreira, Valparaiso, Comunidade do Bonfim, Correas, Comunidade Sta Rita, Buj\u00e3o (Bela Vista). *<\/p>\n<p><strong>Serralheria<\/strong>: confec\u00e7\u00e3o de cestas de coletoras na cia, Comunidade Sta Rita, Buj\u00e3o (Bela Vista). *<\/p>\n<p><strong>Carpintaria<\/strong>: reforma e confec\u00e7\u00e3o de bancos e brinquedos de pra\u00e7as e parquinhos, conserto de port\u00e3o na Comdep (Coronel Veiga). *<\/p>\n<p><strong>El\u00e9trica<\/strong>: sacar bomba na Pra\u00e7a da Liberdade e manuten\u00e7\u00e3o de chafarizes do Centro Hist\u00f3ricos. *<\/p>\n<p><strong>Pintura<\/strong>: limpeza nos seguintes lugares: Coronel Veiga, continua\u00e7\u00e3o, balaustres da Pontes do Fones, continua\u00e7\u00e3o. *<\/p>\n<p><strong>Capina e ro\u00e7ada<\/strong>: rua manoel joaquim lage, alcobacinha. *<\/p>\n<p><strong>Capina e limpeza de ralos<\/strong>: Rua Alberto Torres\/Floriano Peixoto (Conserva Centro) *<\/p>\n<p><strong>Eventos<\/strong><\/p>\n<p><strong>Retirar<\/strong> palco no Bairro At\u00edlio Maroti. Manuten\u00e7\u00e3o no material e qualquer solicita\u00e7\u00e3o da presid\u00eancia da Previd\u00eancia. *<\/p>\n<p><strong>Montar<\/strong> palco 3&#215;6 ponto final do \u00f4nibus. Na rua C\u00e2ndido Borsato *<\/p>\n<p><strong>1 barraca<\/strong> na pra\u00e7a Alcindo Sodr\u00e9 *<\/p>\n","protected":false},"excerpt":{"rendered":"<p>Distrito M\u00e1quina com um caminh\u00e3o: continua\u00e7\u00e3o Bairro da gl\u00f3ria * Capina e ro\u00e7ada: parque de exposi\u00e7\u00e3o, pra\u00e7a de skate * Varri\u00e7\u00e3o fixo: Corr\u00eaas, Nogueira, Itaipava, Araras, Madame Machado Secret\u00e1rio Pedro do Rio e Vila Rica * Diretoria Operacional * Raspagem de Terra: Coronel Veiga &nbsp;* Capina: Travessa Fragoso, Dom Jo\u00e3o Braga, Rua Guatemala, Rua Nicar\u00e1gua,&hellip;<\/p>\n","protected":false},"author":1,"featured_media":2226,"comment_status":"open","ping_status":"open","sticky":false,"template":"","format":"standard","meta":{"_themeisle_gutenberg_block_has_review":false,"footnotes":""},"categories":[1],"tags":[],"_links":{"self":[{"href":"https:\/\/comdep.com.br\/index.php?rest_route=\/wp\/v2\/posts\/2224"}],"collection":[{"href":"https:\/\/comdep.com.br\/index.php?rest_route=\/wp\/v2\/posts"}],"about":[{"href":"https:\/\/comdep.com.br\/index.php?rest_route=\/wp\/v2\/types\/post"}],"author":[{"embeddable":true,"href":"https:\/\/comdep.com.br\/index.php?rest_route=\/wp\/v2\/users\/1"}],"replies":[{"embeddable":true,"href":"https:\/\/comdep.com.br\/index.php?rest_route=%2Fwp%2Fv2%2Fcomments&post=2224"}],"version-history":[{"count":2,"href":"https:\/\/comdep.com.br\/index.php?rest_route=\/wp\/v2\/posts\/2224\/revisions"}],"predecessor-version":[{"id":2227,"href":"https:\/\/comdep.com.br\/index.php?rest_route=\/wp\/v2\/posts\/2224\/revisions\/2227"}],"wp:featuredmedia":[{"embeddable":true,"href":"https:\/\/comdep.com.br\/index.php?rest_route=\/wp\/v2\/media\/2226"}],"wp:attachment":[{"href":"https:\/\/comdep.com.br\/index.php?rest_route=%2Fwp%2Fv2%2Fmedia&parent=2224"}],"wp:term":[{"taxonomy":"category","embeddable":true,"href":"https:\/\/comdep.com.br\/index.php?rest_route=%2Fwp%2Fv2%2Fcategories&post=2224"},{"taxonomy":"post_tag","embeddable":true,"href":"https:\/\/comdep.com.br\/index.php?rest_route=%2Fwp%2Fv2%2Ftags&post=2224"}],"curies":[{"name":"wp","href":"https:\/\/api.w.org\/{rel}","templated":true}]}}