{"id":2232,"date":"2019-12-27T15:24:42","date_gmt":"2019-12-27T18:24:42","guid":{"rendered":"http:\/\/comdep.com.br\/?p=2232"},"modified":"2019-12-27T15:27:36","modified_gmt":"2019-12-27T18:27:36","slug":"comdep-trabalhando-hoje-27-12-2019-nos-seguintes-locais","status":"publish","type":"post","link":"https:\/\/comdep.com.br\/?p=2232","title":{"rendered":"COMDEP trabalhando hoje 27\/12\/2019 nos seguintes locais:"},"content":{"rendered":"<p><strong>Diretoria de Parques e Jardins<\/strong><\/p>\n<p><strong>Corte de grama<\/strong>: Bingen jardim Itaipava &nbsp;*<\/p>\n<p><strong>Kombi do Jardim:<\/strong> transporte de ferramentas &nbsp;*<\/p>\n<p><strong>Caminh\u00e3o do jardim:<\/strong> Itaipava *<\/p>\n<p><strong>Corte de \u00e1rvores<\/strong>: Rua Silva Jardim.. *<\/p>\n<p><strong>Diretoria de Limpeza Urbana<\/strong><\/p>\n<p><strong>Varri\u00e7\u00e3o:<\/strong> Pra\u00e7a Catulo, Castel\u00e2nea, Cardoso fontes, Euclides da Cunha, Alto da Serra e Morin. *<\/p>\n<p><strong>Caminh\u00e3o ( C55 ) Pipa lavagem<\/strong>: Centro, Centro hist\u00f3rico, pra\u00e7a Alcindo Sodr\u00e9 atr\u00e1s da banca de jornal ap\u00f3s verificando o chafariz da pra\u00e7a da liberdade. *<\/p>\n<p><strong>Caminh\u00e3o ( C20 )&nbsp; recolhimento de sacos de varri\u00e7\u00e3o<\/strong>: Get\u00falio Vargas, General Rondon, Coronel Veiga, Alto da Serra, Morin, Centro, centro hist\u00f3rico e Bingen. *<\/p>\n<p><strong>Varri\u00e7\u00e3o<\/strong>: feira livre da rua Francisco Manoel. *<\/p>\n<p><strong>Diretoria Operacional<\/strong><\/p>\n<p><strong>Limpeza de rio:<\/strong> Parque S\u00e3o Vicente &nbsp;*<\/p>\n<p><strong>Capina<\/strong>: Coronel Veiga, Washington Luiz, rua Sebasti\u00e3o de Carvalho, rua Santo Ant\u00f4nio, rua Al\u00edpio Gomes da Costa, Rua Divino Esp\u00edrito Santo ( Carangola ), Madre Francisca Pia, Get\u00falio Vargas, Rua Guilherme Blazer, rua Gon\u00e7alves Dias, Pedro Ivo, rua Juscelino Kubitschek, Jo\u00e3o Xavier, Euclides da Cunha, Cust\u00f3dio Ferreira&nbsp; &nbsp;*<\/p>\n<p><strong>Raspagem de terra<\/strong>: &nbsp;Rua Demerval de Miranda ( Pra\u00e7a Catulo) &nbsp;*<\/p>\n<p><strong>Ro\u00e7ada<\/strong>: Bar\u00e3o do Rio Branco, Parque S\u00e3o Vicente, Quarteir\u00e3o Brasileiro &nbsp;*<\/p>\n<p><strong>M\u00e1quinas e Caminh\u00f5es:<\/strong> ura Guatemala, Nicar\u00e1gua, rua Em\u00edlio Zaluar, Independ\u00eancia, &nbsp;Albino Siqueira, 24 de Maio, Valpara\u00edso, Joaquim Gomensoro, At\u00edlio Maroti &nbsp;*<\/p>\n<p><strong>Caminh\u00e3o Poli Guindaste<\/strong>: Independ\u00eancia &nbsp;*<\/p>\n<p><strong>Caminh\u00e3o D 08<\/strong>: General Rondon, Coronel Veiga, Washington Luiz, Centro Hist\u00f3rico, Rua Silva Jardim, Piabanha, Bingen, Bar\u00e3o do Rio Branco, Dr. S\u00e1 Earp, Morim, Crist\u00f3v\u00e3o Colombo, Conde D&#8217;eu, Olavo Bilac e Turmas. *<\/p>\n<p><strong>Distrito<\/strong><\/p>\n<p><strong>Capina e ro\u00e7ada:<\/strong> Parque de Exposi\u00e7\u00e3o, pra\u00e7a de skate *<\/p>\n<p><strong>M\u00e1quina com um caminh\u00e3o<\/strong>: Continua\u00e7\u00e3o Bairro da gl\u00f3ria *<\/p>\n<p><strong>Varri\u00e7\u00e3o fixo<\/strong>: Correas, Nogueira, Itaipava, Araras, Madame Machado&nbsp; Secret\u00e1rio Pedro&nbsp; do Rio e vila rica *<\/p>\n<p><strong>Eventos<\/strong><\/p>\n<p><strong>Retirar<\/strong> tenda na Comdep, e qualquer solicita\u00e7\u00e3o da presid\u00eancia . *<\/p>\n<p>&nbsp;<\/p>\n","protected":false},"excerpt":{"rendered":"<p>Diretoria de Parques e Jardins Corte de grama: Bingen jardim Itaipava &nbsp;* Kombi do Jardim: transporte de ferramentas &nbsp;* Caminh\u00e3o do jardim: Itaipava * Corte de \u00e1rvores: Rua Silva Jardim.. * Diretoria de Limpeza Urbana Varri\u00e7\u00e3o: Pra\u00e7a Catulo, Castel\u00e2nea, Cardoso fontes, Euclides da Cunha, Alto da Serra e Morin. * Caminh\u00e3o ( C55 ) Pipa&hellip;<\/p>\n","protected":false},"author":1,"featured_media":2234,"comment_status":"open","ping_status":"open","sticky":false,"template":"","format":"standard","meta":{"_themeisle_gutenberg_block_has_review":false,"footnotes":""},"categories":[1],"tags":[],"_links":{"self":[{"href":"https:\/\/comdep.com.br\/index.php?rest_route=\/wp\/v2\/posts\/2232"}],"collection":[{"href":"https:\/\/comdep.com.br\/index.php?rest_route=\/wp\/v2\/posts"}],"about":[{"href":"https:\/\/comdep.com.br\/index.php?rest_route=\/wp\/v2\/types\/post"}],"author":[{"embeddable":true,"href":"https:\/\/comdep.com.br\/index.php?rest_route=\/wp\/v2\/users\/1"}],"replies":[{"embeddable":true,"href":"https:\/\/comdep.com.br\/index.php?rest_route=%2Fwp%2Fv2%2Fcomments&post=2232"}],"version-history":[{"count":2,"href":"https:\/\/comdep.com.br\/index.php?rest_route=\/wp\/v2\/posts\/2232\/revisions"}],"predecessor-version":[{"id":2235,"href":"https:\/\/comdep.com.br\/index.php?rest_route=\/wp\/v2\/posts\/2232\/revisions\/2235"}],"wp:featuredmedia":[{"embeddable":true,"href":"https:\/\/comdep.com.br\/index.php?rest_route=\/wp\/v2\/media\/2234"}],"wp:attachment":[{"href":"https:\/\/comdep.com.br\/index.php?rest_route=%2Fwp%2Fv2%2Fmedia&parent=2232"}],"wp:term":[{"taxonomy":"category","embeddable":true,"href":"https:\/\/comdep.com.br\/index.php?rest_route=%2Fwp%2Fv2%2Fcategories&post=2232"},{"taxonomy":"post_tag","embeddable":true,"href":"https:\/\/comdep.com.br\/index.php?rest_route=%2Fwp%2Fv2%2Ftags&post=2232"}],"curies":[{"name":"wp","href":"https:\/\/api.w.org\/{rel}","templated":true}]}}