{"id":2242,"date":"2019-12-30T16:40:04","date_gmt":"2019-12-30T19:40:04","guid":{"rendered":"http:\/\/comdep.com.br\/?p=2242"},"modified":"2019-12-30T16:43:51","modified_gmt":"2019-12-30T19:43:51","slug":"comdep-trabalhando-hoje-30-12-2019-nos-seguintes-locais","status":"publish","type":"post","link":"https:\/\/comdep.com.br\/?p=2242","title":{"rendered":"COMDEP trabalhando hoje 30\/12\/2019 nos seguintes locais:"},"content":{"rendered":"<p><strong>Distrito<\/strong><\/p>\n<p><strong>M\u00e1quina com um caminh\u00e3o.<\/strong> Vila rica limpeza geral *<\/p>\n<p><strong>Capina e ro\u00e7ada:<\/strong> tapera vale do Cuiab\u00e1 *<\/p>\n<p><strong>Varri\u00e7\u00e3o fixo:<\/strong> &nbsp;Corr\u00eaas, Nogueira, Itaipava, Araras, Madame Machado Secret\u00e1rio Pedro do Rio e Vila Rica *<\/p>\n<p><strong>Diretoria Operacional<\/strong><\/p>\n<p><strong>Limpeza de rio<\/strong>: Parque S\u00e3o Vicente<\/p>\n<p><strong>Capina<\/strong>: Washington Luiz, Coronel Veiga, Rua Sebasti\u00e3o de Carvalho, rua Santo Ant\u00f4nio, rua Al\u00edpio Gomes da Costa, Estrada do Carangola, Capela, rua Afr\u00e2nio de Melo Franco, rua Bernardino de S\u00e1, Rua Gon\u00e7alves Dias, Av. Portugal, rua Nelson Roncoroni (Morim), rua Juscelino Kubitschek, Duarte da Silveira, Euclides da Cunha, Bairro Mau\u00e1, Rua Cust\u00f3dio Ferreira<\/p>\n<p><strong>Ro\u00e7ada<\/strong>: Bar\u00e3o do Rio Branco, Jo\u00e3o Xavier, Quarteir\u00e3o Brasileiro<\/p>\n<p><strong>M\u00e1quinas e Caminh\u00f5es:<\/strong> Independ\u00eancia, Olavo Bilac, Crist\u00f3v\u00e3o Colombo, Albino Siqueira, Dr. S\u00e1 Earp, 24 de Maio, Rua Teresa, Morim, Coronel Veiga, Washington Luiz, Casemiro de Abreu, Floriano Peixoto, Alberto Torres, At\u00edlio Maroti<\/p>\n<p><strong>Caminh\u00e3o Poli Guindaste:<\/strong> Independ\u00eancia<\/p>\n<p><strong>Caminh\u00e3o D 08<\/strong>: General Rondon, Quitandinha, Coronel Veiga, Washington Luiz, Centro Hist\u00f3rico, Piabanha, Bar\u00e3o do Rio Branco, Dr. S\u00e1 Earp, Morim Albino Siqueira, Crist\u00f3v\u00e3o Colombo, Conde D&#8217;Eu, Olavo Bilac e Turmas *<\/p>\n<p><strong>Varri\u00e7\u00e3o<\/strong>: Mosela, Valpara\u00edso, Castel\u00e2nea, pra\u00e7a Pasteur, Alto da Serra, Morin, Centro e Centro Hist\u00f3rico. *<\/p>\n<p><strong>Caminh\u00e3o (C20) recolhimento de sacos de varri\u00e7\u00e3o<\/strong>: Quitandinha, Coronel Veiga, alto da Serra, Morin, Centro, Centro Hist\u00f3rico, Cascatinha e Bingen. *<\/p>\n<p><strong>Caminh\u00e3o (C55) Pipa lavagem<\/strong>: Centro, Centro Hist\u00f3rico, pra\u00e7a Alcindo Sodr\u00e9 atr\u00e1s da banca de jornal ap\u00f3s lavando o chafariz da pra\u00e7a de Cascatinha. *<\/p>\n<p><strong>Servi\u00e7os alterado da Pipa (C55)<\/strong>: lavando a rua Coronel Veiga *<\/p>\n<p><strong>Parques e Jardins<\/strong><\/p>\n<p><strong>Corte de \u00e1rvores<\/strong>: Estrada Uni\u00e3o e Ind\u00fastria *<\/p>\n<p><strong>Corte de grama<\/strong>: Hermog\u00eanio Silva, Pra\u00e7a do Retiro *<\/p>\n<p><strong>Jardim<\/strong>: delegacia do retiro pra\u00e7a da \u00e1guia pra\u00e7a do bosque *<\/p>\n<p><strong>Caminh\u00e3o do jardim<\/strong>: Morin Pra\u00e7a de Nogueira *<\/p>\n<p><strong>Kombi<\/strong>: transporte de ferramentas e transporte de grama para Centro Hist\u00f3rico *<\/p>\n<p><strong>Diretoria de Obras<\/strong><\/p>\n<p><strong>Obras<\/strong>: instala\u00e7\u00e3o de calha no telhado do arquivo da cia. *<\/p>\n<p><strong>Carpintaria<\/strong>: reforma e confec\u00e7\u00e3o de bancos e brinquedos de pra\u00e7as e parquinhos *<\/p>\n<p><strong>Serralheria<\/strong>: confec\u00e7\u00e3o de cestas de coletoras na cia, &nbsp;instala\u00e7\u00e3o de telas, na quadra da Comunidade Sta Rita, Buj\u00e3o (Bela Vista). *<\/p>\n<p><strong>Pintura<\/strong>: Duas Pontes e proximidades. *<\/p>\n<p><strong>El\u00e9trica<\/strong>: manuten\u00e7\u00e3o de chafarizes do Centro Hist\u00f3rico. *<\/p>\n<p><strong>Capina e ro\u00e7ada<\/strong>: Rua Jo\u00e3o de Farias e Vi\u00fava Lima (Alcobacinha). *<\/p>\n<p><strong>Capina e limpeza de ralos<\/strong>: Floriano Peixoto e Alberto Torres, conserva Centro (continua\u00e7\u00e3o).<\/p>\n<p><strong>Eventos<\/strong><\/p>\n<p><strong>Manuten\u00e7\u00e3o<\/strong> no material e qualquer solicita\u00e7\u00e3o da presid\u00eancia *<\/p>\n<p><strong>Montar<\/strong> 4 barracas na Pol\u00edcia Militar *<\/p>\n","protected":false},"excerpt":{"rendered":"<p>Distrito M\u00e1quina com um caminh\u00e3o. Vila rica limpeza geral * Capina e ro\u00e7ada: tapera vale do Cuiab\u00e1 * Varri\u00e7\u00e3o fixo: &nbsp;Corr\u00eaas, Nogueira, Itaipava, Araras, Madame Machado Secret\u00e1rio Pedro do Rio e Vila Rica * Diretoria Operacional Limpeza de rio: Parque S\u00e3o Vicente Capina: Washington Luiz, Coronel Veiga, Rua Sebasti\u00e3o de Carvalho, rua Santo Ant\u00f4nio, rua&hellip;<\/p>\n","protected":false},"author":1,"featured_media":2244,"comment_status":"open","ping_status":"open","sticky":false,"template":"","format":"standard","meta":{"_themeisle_gutenberg_block_has_review":false,"footnotes":""},"categories":[1],"tags":[],"_links":{"self":[{"href":"https:\/\/comdep.com.br\/index.php?rest_route=\/wp\/v2\/posts\/2242"}],"collection":[{"href":"https:\/\/comdep.com.br\/index.php?rest_route=\/wp\/v2\/posts"}],"about":[{"href":"https:\/\/comdep.com.br\/index.php?rest_route=\/wp\/v2\/types\/post"}],"author":[{"embeddable":true,"href":"https:\/\/comdep.com.br\/index.php?rest_route=\/wp\/v2\/users\/1"}],"replies":[{"embeddable":true,"href":"https:\/\/comdep.com.br\/index.php?rest_route=%2Fwp%2Fv2%2Fcomments&post=2242"}],"version-history":[{"count":2,"href":"https:\/\/comdep.com.br\/index.php?rest_route=\/wp\/v2\/posts\/2242\/revisions"}],"predecessor-version":[{"id":2245,"href":"https:\/\/comdep.com.br\/index.php?rest_route=\/wp\/v2\/posts\/2242\/revisions\/2245"}],"wp:featuredmedia":[{"embeddable":true,"href":"https:\/\/comdep.com.br\/index.php?rest_route=\/wp\/v2\/media\/2244"}],"wp:attachment":[{"href":"https:\/\/comdep.com.br\/index.php?rest_route=%2Fwp%2Fv2%2Fmedia&parent=2242"}],"wp:term":[{"taxonomy":"category","embeddable":true,"href":"https:\/\/comdep.com.br\/index.php?rest_route=%2Fwp%2Fv2%2Fcategories&post=2242"},{"taxonomy":"post_tag","embeddable":true,"href":"https:\/\/comdep.com.br\/index.php?rest_route=%2Fwp%2Fv2%2Ftags&post=2242"}],"curies":[{"name":"wp","href":"https:\/\/api.w.org\/{rel}","templated":true}]}}