{"id":2250,"date":"2020-01-02T15:43:52","date_gmt":"2020-01-02T18:43:52","guid":{"rendered":"http:\/\/comdep.com.br\/?p=2250"},"modified":"2020-01-02T16:02:12","modified_gmt":"2020-01-02T19:02:12","slug":"comdep-trabalhando-hoje-dia-31-12-2019-nos-seguintes-locais","status":"publish","type":"post","link":"https:\/\/comdep.com.br\/?p=2250","title":{"rendered":"COMDEP trabalhando hoje dia 31\/12\/2019 nos seguintes locais:"},"content":{"rendered":"<p><strong>Diretoria de Limpeza Urbana<\/strong><\/p>\n<p><strong>Varri\u00e7\u00e3o<\/strong>: Centro, Centro Hist\u00f3rico, Pra\u00e7a da Liberdade, Pal\u00e1cio de cristal, 13 de maio, Duchas, Mosela e Bingen *<\/p>\n<p><strong>Caminh\u00e3o ( C20 ) recolhimento de sacos de varri\u00e7\u00e3o<\/strong>: Quitandinha, coronel Veiga, Centro, Centro Hist\u00f3rico e Bingen *<\/p>\n<p><strong>Varri\u00e7\u00e3o<\/strong>: na feira livre do Centro *<\/p>\n<p><strong>(03) funcion\u00e1rios<\/strong> trabalhando na feira livre do Centro, na retirada de res\u00edduos debaixo das bancas *<\/p>\n<p><strong>Caminh\u00e3o ( C55 ) Pipa lavagem<\/strong>: Centro, Centro Hist\u00f3rico&nbsp;&nbsp; e&nbsp; pra\u00e7a Alcindo Sodr\u00e9 atr\u00e1s da banca de jornal *<\/p>\n<p><strong>Diretoria Operacional<\/strong><\/p>\n<p><strong>Capina<\/strong>: Gulf, Euclides da Cunha, Bairro Mau\u00e1 &nbsp;*<\/p>\n<p><strong>Ro\u00e7ada<\/strong>: Rua \u00c1lvaro Machado &nbsp;*<\/p>\n<p><strong>M\u00e1quina e Caminh\u00f5es<\/strong>: S\u00e3o Norberto, Gon\u00e7alves Dias, Duarte da Silveira, Vila S\u00e3o Jos\u00e9 &nbsp;*<\/p>\n<p><strong>Caminh\u00e3o D 08<\/strong>: General Rondon, Washington Luiz, Centro Hist\u00f3rico, Piabanha, Bingen, Bar\u00e3o do Rio Branco, Dr S\u00e1 Earp, Morim, Albino Siqueira, Crist\u00f3v\u00e3o Colombo, Conde D&#8217;Eu, Olavo Bilac e Turmas &nbsp;*<\/p>\n<p>&nbsp;<\/p>\n","protected":false},"excerpt":{"rendered":"<p>Diretoria de Limpeza Urbana Varri\u00e7\u00e3o: Centro, Centro Hist\u00f3rico, Pra\u00e7a da Liberdade, Pal\u00e1cio de cristal, 13 de maio, Duchas, Mosela e Bingen * Caminh\u00e3o ( C20 ) recolhimento de sacos de varri\u00e7\u00e3o: Quitandinha, coronel Veiga, Centro, Centro Hist\u00f3rico e Bingen * Varri\u00e7\u00e3o: na feira livre do Centro * (03) funcion\u00e1rios trabalhando na feira livre do Centro,&hellip;<\/p>\n","protected":false},"author":1,"featured_media":2257,"comment_status":"open","ping_status":"open","sticky":false,"template":"","format":"standard","meta":{"_themeisle_gutenberg_block_has_review":false,"footnotes":""},"categories":[1],"tags":[],"_links":{"self":[{"href":"https:\/\/comdep.com.br\/index.php?rest_route=\/wp\/v2\/posts\/2250"}],"collection":[{"href":"https:\/\/comdep.com.br\/index.php?rest_route=\/wp\/v2\/posts"}],"about":[{"href":"https:\/\/comdep.com.br\/index.php?rest_route=\/wp\/v2\/types\/post"}],"author":[{"embeddable":true,"href":"https:\/\/comdep.com.br\/index.php?rest_route=\/wp\/v2\/users\/1"}],"replies":[{"embeddable":true,"href":"https:\/\/comdep.com.br\/index.php?rest_route=%2Fwp%2Fv2%2Fcomments&post=2250"}],"version-history":[{"count":2,"href":"https:\/\/comdep.com.br\/index.php?rest_route=\/wp\/v2\/posts\/2250\/revisions"}],"predecessor-version":[{"id":2260,"href":"https:\/\/comdep.com.br\/index.php?rest_route=\/wp\/v2\/posts\/2250\/revisions\/2260"}],"wp:featuredmedia":[{"embeddable":true,"href":"https:\/\/comdep.com.br\/index.php?rest_route=\/wp\/v2\/media\/2257"}],"wp:attachment":[{"href":"https:\/\/comdep.com.br\/index.php?rest_route=%2Fwp%2Fv2%2Fmedia&parent=2250"}],"wp:term":[{"taxonomy":"category","embeddable":true,"href":"https:\/\/comdep.com.br\/index.php?rest_route=%2Fwp%2Fv2%2Fcategories&post=2250"},{"taxonomy":"post_tag","embeddable":true,"href":"https:\/\/comdep.com.br\/index.php?rest_route=%2Fwp%2Fv2%2Ftags&post=2250"}],"curies":[{"name":"wp","href":"https:\/\/api.w.org\/{rel}","templated":true}]}}