{"id":2253,"date":"2020-01-02T15:47:13","date_gmt":"2020-01-02T18:47:13","guid":{"rendered":"http:\/\/comdep.com.br\/?p=2253"},"modified":"2020-01-02T16:02:57","modified_gmt":"2020-01-02T19:02:57","slug":"comdep-trabalhando-hoje-dia-01-01-2020-nos-seguintes-locais","status":"publish","type":"post","link":"https:\/\/comdep.com.br\/?p=2253","title":{"rendered":"COMDEP trabalhando hoje dia 01\/01\/2020 nos seguintes locais:"},"content":{"rendered":"<p><strong>Diretoria de Limpeza Urbana<\/strong><\/p>\n<p><strong>Varri\u00e7\u00e3o<\/strong>:(das 07:00 at\u00e9 11:00) turma da manh\u00e3 &#8211; Centro, Centro Hist\u00f3rico, pra\u00e7a da Liberdade, Pal\u00e1cio de cristal, Cascatinha, Itamarati, Quissam\u00e3, Alto da Serra e Quitandinha *<\/p>\n<p><strong>Caminh\u00e3o (C20) recolhimento de sacos de varri\u00e7\u00e3o<\/strong>: Centro&nbsp; e Centro Hist\u00f3rico *<\/p>\n<p><strong>(06) funcion\u00e1rios<\/strong> trabalhando na limpeza da pra\u00e7a da Liberdade e Pal\u00e1cio de cristal (das 12:00 at\u00e9 18:00) Natal imperial *<\/p>\n<p><strong>Varri\u00e7\u00e3o (das 14:00 at\u00e9 18:00) turma da tarde<\/strong>: Centro e Centro Hist\u00f3rico *<\/p>\n<p><strong>Varri\u00e7\u00e3o (das 17:00 at\u00e9 22:00) turma da noite<\/strong>: Centro, Centro Hist\u00f3rico, pra\u00e7a da Liberdade, Pal\u00e1cio de cristal e Rua Teresa *<\/p>\n<p><strong>Varri\u00e7\u00e3o (das 00:00 at\u00e9 06:00) turma da madrugada<\/strong>: Pra\u00e7a da Liberdade, 13 de maio, Centro e Centro Hist\u00f3rico *<\/p>\n<p><strong>Varri\u00e7\u00e3o<\/strong>: Centro Hist\u00f3rico e adjac\u00eancias *<\/p>\n<p><strong>Varri\u00e7\u00e3o<\/strong>: Centro da cidade e adjac\u00eancias *<\/p>\n","protected":false},"excerpt":{"rendered":"<p>Diretoria de Limpeza Urbana Varri\u00e7\u00e3o:(das 07:00 at\u00e9 11:00) turma da manh\u00e3 &#8211; Centro, Centro Hist\u00f3rico, pra\u00e7a da Liberdade, Pal\u00e1cio de cristal, Cascatinha, Itamarati, Quissam\u00e3, Alto da Serra e Quitandinha * Caminh\u00e3o (C20) recolhimento de sacos de varri\u00e7\u00e3o: Centro&nbsp; e Centro Hist\u00f3rico * (06) funcion\u00e1rios trabalhando na limpeza da pra\u00e7a da Liberdade e Pal\u00e1cio de cristal&hellip;<\/p>\n","protected":false},"author":1,"featured_media":2258,"comment_status":"open","ping_status":"open","sticky":false,"template":"","format":"standard","meta":{"_themeisle_gutenberg_block_has_review":false,"footnotes":""},"categories":[1],"tags":[],"_links":{"self":[{"href":"https:\/\/comdep.com.br\/index.php?rest_route=\/wp\/v2\/posts\/2253"}],"collection":[{"href":"https:\/\/comdep.com.br\/index.php?rest_route=\/wp\/v2\/posts"}],"about":[{"href":"https:\/\/comdep.com.br\/index.php?rest_route=\/wp\/v2\/types\/post"}],"author":[{"embeddable":true,"href":"https:\/\/comdep.com.br\/index.php?rest_route=\/wp\/v2\/users\/1"}],"replies":[{"embeddable":true,"href":"https:\/\/comdep.com.br\/index.php?rest_route=%2Fwp%2Fv2%2Fcomments&post=2253"}],"version-history":[{"count":2,"href":"https:\/\/comdep.com.br\/index.php?rest_route=\/wp\/v2\/posts\/2253\/revisions"}],"predecessor-version":[{"id":2261,"href":"https:\/\/comdep.com.br\/index.php?rest_route=\/wp\/v2\/posts\/2253\/revisions\/2261"}],"wp:featuredmedia":[{"embeddable":true,"href":"https:\/\/comdep.com.br\/index.php?rest_route=\/wp\/v2\/media\/2258"}],"wp:attachment":[{"href":"https:\/\/comdep.com.br\/index.php?rest_route=%2Fwp%2Fv2%2Fmedia&parent=2253"}],"wp:term":[{"taxonomy":"category","embeddable":true,"href":"https:\/\/comdep.com.br\/index.php?rest_route=%2Fwp%2Fv2%2Fcategories&post=2253"},{"taxonomy":"post_tag","embeddable":true,"href":"https:\/\/comdep.com.br\/index.php?rest_route=%2Fwp%2Fv2%2Ftags&post=2253"}],"curies":[{"name":"wp","href":"https:\/\/api.w.org\/{rel}","templated":true}]}}