{"id":2255,"date":"2020-01-02T15:57:06","date_gmt":"2020-01-02T18:57:06","guid":{"rendered":"http:\/\/comdep.com.br\/?p=2255"},"modified":"2020-01-02T16:03:38","modified_gmt":"2020-01-02T19:03:38","slug":"comdep-trabalhando-hoje-02-01-2020-nos-seguintes-locais","status":"publish","type":"post","link":"https:\/\/comdep.com.br\/?p=2255","title":{"rendered":"COMDEP trabalhando hoje 02\/01\/2020 nos seguintes locais:"},"content":{"rendered":"<p><strong>Parques e Jardins<\/strong><\/p>\n<p><strong>Corte de grama<\/strong>: Ch\u00e1cara das Rosas e Bar\u00e3o do Rio Branco, &nbsp;*<\/p>\n<p><strong>Jardim<\/strong>: Pra\u00e7a da \u00c1guia, Pra\u00e7a do Bosque e Pra\u00e7a da Bandeira &nbsp;*<\/p>\n<p><strong>Caminh\u00e3o do jardim:<\/strong> transportando grama em Itaipava Corte de \u00e1rvores Avenida Bar\u00e3o do Rio Branco *<\/p>\n<p><strong>Distrito<\/strong><\/p>\n<p><strong>Ro\u00e7ada e capina:<\/strong> continua\u00e7\u00e3o Quilombo da Tapera Cuiab\u00e1 &nbsp;*<\/p>\n<p><strong>M\u00e1quina e caminh\u00f5es:<\/strong> continua\u00e7\u00e3o Bairro da Gl\u00f3ria &nbsp;*<\/p>\n<p><strong>Varri\u00e7\u00e3o di\u00e1ria:<\/strong> Corr\u00eaas, Nogueiras, Araras, Itaipava, Madame Machado, Vila Rica, Pedro do Rio, Secret\u00e1rio *<\/p>\n<p><strong>Diretoria Operacional<\/strong><\/p>\n<p><strong>Limpeza de rio:<\/strong> Parque S\u00e3o Vicente, Capina: Washington Luiz, Rua Cear\u00e1 (casinhas), Rua Al\u00edpio Gomes da Silva, Comunidade do Alem\u00e3o, Rua Paulo Herv\u00ea, Rua Domingos Silv\u00e9rio, Rua Honduras, Rua Bernardino de S\u00e1, Monsenhor Bacelar, Lagoinha, Ch\u00e1cara das Rosas, Bairro Mau\u00e1 (Bob Cat), Duarte da Silveira, Euclides da Cunha, S\u00e3o Sebasti\u00e3o, Ro\u00e7ada, Bar\u00e3o do Rio Branco, Jo\u00e3o Xavier, Quarteir\u00e3o Brasileiro &nbsp;*<\/p>\n<p><strong>M\u00e1quinas e Caminh\u00f5es<\/strong>: Bar\u00e3o do Rio Branco, S\u00e3o Norberto, Coronel Veiga, Coronel Land, Rua It\u00e1lia, Duque de Caxias, Vila S\u00e3o Jos\u00e9, Caminh\u00e3o Poli Guindaste: Independ\u00eancia, Bairro Mau\u00e1, &nbsp;*<\/p>\n<p><strong>Caminh\u00e3o D 08:<\/strong> General Rondon, Coronel Veiga, Washington Luiz, Centro Hist\u00f3rico, Piabanha, Bingen, Bar\u00e3o do Rio Branco, Dr S\u00e1 Earp, Morim, Albino Siqueira, Crist\u00f3v\u00e3o Colombo, Conde D&#8217;eu, Olavo Bilac &nbsp;*<\/p>\n<p><strong>Varri\u00e7\u00e3o<\/strong>: Centro, Centro Hist\u00f3rico, Pra\u00e7a da Liberdade, Pal\u00e1cio de cristal, Rua Teresa, Alto da Serra e Morin *<\/p>\n<p><strong>Caminh\u00e3o ( C20 ) recolhimento de sacos de varri\u00e7\u00e3o<\/strong>: Quitandinha, Coronel Veiga, Alto da Serra, Morim, Centro, Centro Hist\u00f3rico e Bingen *<\/p>\n<p><strong>Caminh\u00e3o ( C55 ) Pipa lavagem<\/strong>: Centro, Centro Hist\u00f3rico, Pra\u00e7a Alcindo Sodr\u00e9 atr\u00e1s da banca de jornal ap\u00f3s verificando o chafariz da Pra\u00e7a da Liberdade *<\/p>\n<p><strong>Diretoria de Obras<\/strong><\/p>\n<p><strong>Recolher<\/strong> cesta de coletora caida na comunidade da gl\u00f3ria, pr\u00f3ximo da loja de material de constru\u00e7\u00e3o,&nbsp; Comunidade Sta Rita, buj\u00e3o, bela vista (dreno), retirar bancos na quadra da Oswaldo Cruz, por motivo de obras no local, instala\u00e7\u00e3o de tela no Atilio Marotti 594 pr\u00f3ximo da escolinha, instala\u00e7\u00e3o de tela na Rua Glauce Rocha Independencia *<\/p>\n<p><strong>Serralheria<\/strong>: confec\u00e7\u00e3o de cestas de coletoras na cia, Comunidade Sta Rita, Buj\u00e3o, Bela Vista (dreno e port\u00e3o), &nbsp;*<\/p>\n<p><strong>Pintura<\/strong>: Duas Pontes (continua\u00e7\u00e3o ) *<\/p>\n<p><strong>Carpintaria<\/strong>: recupera\u00e7\u00e3o de bancos e brinquedos de pra\u00e7as e parquinhos, &nbsp;reinstala\u00e7\u00e3o de pe\u00e7as de academia, reinstala\u00e7\u00e3o de 08 lixeirinhas de poste e instala\u00e7\u00e3o de 2 barris *<\/p>\n<p><strong>El\u00e9trica<\/strong>: manuten\u00e7\u00e3o de chafarizes no Centro Hist\u00f3rico &nbsp;&nbsp;*<\/p>\n<p><strong>Capina e ro\u00e7ada:<\/strong> Rua Jo\u00e3o de Farias e Viuva Lima (Alcobacinha) continua\u00e7\u00e3o *<\/p>\n<p><strong>Capina e limpeza de ralos<\/strong>: Alberto Torres \/ Floriano Peixoto, conserva centro (continua\u00e7\u00e3o) *<\/p>\n","protected":false},"excerpt":{"rendered":"<p>Parques e Jardins Corte de grama: Ch\u00e1cara das Rosas e Bar\u00e3o do Rio Branco, &nbsp;* Jardim: Pra\u00e7a da \u00c1guia, Pra\u00e7a do Bosque e Pra\u00e7a da Bandeira &nbsp;* Caminh\u00e3o do jardim: transportando grama em Itaipava Corte de \u00e1rvores Avenida Bar\u00e3o do Rio Branco * Distrito Ro\u00e7ada e capina: continua\u00e7\u00e3o Quilombo da Tapera Cuiab\u00e1 &nbsp;* M\u00e1quina e&hellip;<\/p>\n","protected":false},"author":1,"featured_media":2259,"comment_status":"open","ping_status":"open","sticky":false,"template":"","format":"standard","meta":{"_themeisle_gutenberg_block_has_review":false,"footnotes":""},"categories":[1],"tags":[],"_links":{"self":[{"href":"https:\/\/comdep.com.br\/index.php?rest_route=\/wp\/v2\/posts\/2255"}],"collection":[{"href":"https:\/\/comdep.com.br\/index.php?rest_route=\/wp\/v2\/posts"}],"about":[{"href":"https:\/\/comdep.com.br\/index.php?rest_route=\/wp\/v2\/types\/post"}],"author":[{"embeddable":true,"href":"https:\/\/comdep.com.br\/index.php?rest_route=\/wp\/v2\/users\/1"}],"replies":[{"embeddable":true,"href":"https:\/\/comdep.com.br\/index.php?rest_route=%2Fwp%2Fv2%2Fcomments&post=2255"}],"version-history":[{"count":2,"href":"https:\/\/comdep.com.br\/index.php?rest_route=\/wp\/v2\/posts\/2255\/revisions"}],"predecessor-version":[{"id":2262,"href":"https:\/\/comdep.com.br\/index.php?rest_route=\/wp\/v2\/posts\/2255\/revisions\/2262"}],"wp:featuredmedia":[{"embeddable":true,"href":"https:\/\/comdep.com.br\/index.php?rest_route=\/wp\/v2\/media\/2259"}],"wp:attachment":[{"href":"https:\/\/comdep.com.br\/index.php?rest_route=%2Fwp%2Fv2%2Fmedia&parent=2255"}],"wp:term":[{"taxonomy":"category","embeddable":true,"href":"https:\/\/comdep.com.br\/index.php?rest_route=%2Fwp%2Fv2%2Fcategories&post=2255"},{"taxonomy":"post_tag","embeddable":true,"href":"https:\/\/comdep.com.br\/index.php?rest_route=%2Fwp%2Fv2%2Ftags&post=2255"}],"curies":[{"name":"wp","href":"https:\/\/api.w.org\/{rel}","templated":true}]}}