{"id":2287,"date":"2020-01-06T10:01:35","date_gmt":"2020-01-06T13:01:35","guid":{"rendered":"http:\/\/comdep.com.br\/?p=2287"},"modified":"2020-01-06T10:11:08","modified_gmt":"2020-01-06T13:11:08","slug":"comdep-trabalhando-hoje-06-01-2020-nos-seguintes-locais","status":"publish","type":"post","link":"https:\/\/comdep.com.br\/?p=2287","title":{"rendered":"COMDEP trabalhando hoje 06\/01\/2020 nos seguintes locais:"},"content":{"rendered":"<p><strong>Distritos<\/strong><\/p>\n<p><strong>Ro\u00e7ada e capina<\/strong>: Estrada das Arcas *<\/p>\n<p><strong>M\u00e1quina e caminh\u00f5es<\/strong>: continua\u00e7\u00e3o Nogueiras *<\/p>\n<p><strong>Varri\u00e7\u00e3o di\u00e1ria<\/strong>: Correias, Nogueiras, Araras, Itaipava, Madame Machado, Vila Rica, Pedro do Rio, Secret\u00e1rio *<\/p>\n<p><strong>Parques e jardins<\/strong>: Bar\u00e3o do Rio Branco, Vila Felipe &nbsp;*<\/p>\n<p><strong>Jardim<\/strong>: Pra\u00e7a da \u00c1guia e Albino Siqueira &nbsp;*<\/p>\n<p><strong>Caminh\u00e3o do jardim<\/strong>: recolher lixo verde, Centro Hist\u00f3rico &nbsp;*<\/p>\n<p><strong>Kombi do Jardim<\/strong>: transporte de ferramentas &nbsp;*<\/p>\n<p><strong>Corte de \u00e1rvores<\/strong>: Rua Bingen, Francisco Manoel, Bar\u00e3o do Rio Branco, Fragoso.. *<\/p>\n<p><strong>Diretoria Operacional<br \/>\n<\/strong><\/p>\n<p><strong>Raspagem<\/strong> de Terra: Rua Durval de Souza, Capina: Rua Cear\u00e1 (Casinhas), Rua Al\u00edpio Gomes da Costa, Comunidade do Alem\u00e3o, Rua Paulo Herv\u00ea, Rua Honduras, Rua Bernardino de S\u00e1, Monsenhor Bacelar, Lagoinha, Bairro Mau\u00e1, Rua Paulista, Jo\u00e3o Xavier, S\u00e3o Sebasti\u00e3o *<\/p>\n<p><strong>Ro\u00e7ada<\/strong>: Jo\u00e3o Xavier, Rua J\u00falio da Mota Vizeu *<\/p>\n<p><strong>M\u00e1quinas e Caminh\u00f5es<\/strong>: Sargento Boening, Felipe Camar\u00e3o, Rua Felipe Camar\u00e3o, Duarte da Silveira, Capela Galdino Pimentel *<\/p>\n<p><strong>Caminh\u00e3o Poli Guindaste<\/strong>: Independ\u00eancia, Bairro Mau\u00e1 &nbsp;*<\/p>\n<p><strong>Caminh\u00e3o D 08<\/strong>: General Rondon, Quitandinha, Airton Senna, Coronel Veiga, Washington Luiz, Centro Hist\u00f3rico, Piabanha, Bar\u00e3o do Rio Branco, Dr. S\u00e1 Earp, Morim, Albino Siqueira, Crist\u00f3v\u00e3o Colombo, Conde D\u2019Eu, Olavo Bilac *<\/p>\n<p><strong>Diretoria de Obras<\/strong><\/p>\n<p><strong>Instala\u00e7\u00e3o<\/strong> de tela na futura pracinha, no 17, Bingen, instala\u00e7\u00e3o de tela na Rua Felipe Camar\u00e3o, Retiro, constru\u00e7\u00e3o de base na Comunidade da Gl\u00f3ria, pr\u00f3ximo do material de constru\u00e7\u00e3o *<\/p>\n<p><strong>Pintura<\/strong>: prepara\u00e7\u00e3o para pintura na Pra\u00e7a 14 Bis, continua\u00e7\u00e3o, limpeza na Rua Souza Franco, vistoria no Parque Cremerie *<\/p>\n<p><strong>Carpintaria<\/strong>: reparo e confec\u00e7\u00e3o de bancos e pe\u00e7as de pra\u00e7as e parquinhos, vistoria na pracinha da Rua Marciano Magalh\u00e3es, na entrada da Pedro Ivo *<\/p>\n<p><strong>Serralheria<\/strong>: confec\u00e7\u00e3o de cestas de coletoras na cia, recupera\u00e7\u00e3o de barracas de eventos, recupera\u00e7\u00e3o de corrim\u00e3o no Bonfim *<\/p>\n<p><strong>El\u00e9trica<\/strong>: manuten\u00e7\u00e3o em chafarizes do Centro Hist\u00f3rico *<\/p>\n<p><strong>Capina e ro\u00e7ada<\/strong>: Rua Jos\u00e9 Tim\u00f3teo Caldara, Bela Vista (continua\u00e7\u00e3o) *<\/p>\n<p><strong>Capina e limpeza de ralos<\/strong>: Rua Floriano Peixoto e Helio Bitencourt *<\/p>\n","protected":false},"excerpt":{"rendered":"<p>Distritos Ro\u00e7ada e capina: Estrada das Arcas * M\u00e1quina e caminh\u00f5es: continua\u00e7\u00e3o Nogueiras * Varri\u00e7\u00e3o di\u00e1ria: Correias, Nogueiras, Araras, Itaipava, Madame Machado, Vila Rica, Pedro do Rio, Secret\u00e1rio * Parques e jardins: Bar\u00e3o do Rio Branco, Vila Felipe &nbsp;* Jardim: Pra\u00e7a da \u00c1guia e Albino Siqueira &nbsp;* Caminh\u00e3o do jardim: recolher lixo verde, Centro Hist\u00f3rico&hellip;<\/p>\n","protected":false},"author":1,"featured_media":2289,"comment_status":"open","ping_status":"open","sticky":false,"template":"","format":"standard","meta":{"_themeisle_gutenberg_block_has_review":false,"footnotes":""},"categories":[1],"tags":[],"_links":{"self":[{"href":"https:\/\/comdep.com.br\/index.php?rest_route=\/wp\/v2\/posts\/2287"}],"collection":[{"href":"https:\/\/comdep.com.br\/index.php?rest_route=\/wp\/v2\/posts"}],"about":[{"href":"https:\/\/comdep.com.br\/index.php?rest_route=\/wp\/v2\/types\/post"}],"author":[{"embeddable":true,"href":"https:\/\/comdep.com.br\/index.php?rest_route=\/wp\/v2\/users\/1"}],"replies":[{"embeddable":true,"href":"https:\/\/comdep.com.br\/index.php?rest_route=%2Fwp%2Fv2%2Fcomments&post=2287"}],"version-history":[{"count":2,"href":"https:\/\/comdep.com.br\/index.php?rest_route=\/wp\/v2\/posts\/2287\/revisions"}],"predecessor-version":[{"id":2290,"href":"https:\/\/comdep.com.br\/index.php?rest_route=\/wp\/v2\/posts\/2287\/revisions\/2290"}],"wp:featuredmedia":[{"embeddable":true,"href":"https:\/\/comdep.com.br\/index.php?rest_route=\/wp\/v2\/media\/2289"}],"wp:attachment":[{"href":"https:\/\/comdep.com.br\/index.php?rest_route=%2Fwp%2Fv2%2Fmedia&parent=2287"}],"wp:term":[{"taxonomy":"category","embeddable":true,"href":"https:\/\/comdep.com.br\/index.php?rest_route=%2Fwp%2Fv2%2Fcategories&post=2287"},{"taxonomy":"post_tag","embeddable":true,"href":"https:\/\/comdep.com.br\/index.php?rest_route=%2Fwp%2Fv2%2Ftags&post=2287"}],"curies":[{"name":"wp","href":"https:\/\/api.w.org\/{rel}","templated":true}]}}