{"id":2295,"date":"2020-01-07T12:50:20","date_gmt":"2020-01-07T15:50:20","guid":{"rendered":"http:\/\/comdep.com.br\/?p=2295"},"modified":"2020-01-07T12:57:16","modified_gmt":"2020-01-07T15:57:16","slug":"comdep-trabalhando-hoje-07-01-2020-nos-seguintes-locais","status":"publish","type":"post","link":"https:\/\/comdep.com.br\/?p=2295","title":{"rendered":"COMDEP trabalhando hoje 07\/01\/2020 nos seguintes locais:"},"content":{"rendered":"<p><strong>Diretoria de Parques e Jardins<\/strong><\/p>\n<p><strong>Corte de grama<\/strong>: Pra\u00e7a Conde do Bar\u00e3o do Rio Branco, Casa do Colono *<\/p>\n<p><strong>Jardim<\/strong>: Piabanha &nbsp;*<\/p>\n<p><strong>Kombi do jardim:<\/strong> transporte de ferramentas &nbsp;*<\/p>\n<p><strong>Caminh\u00e3o do jardim:<\/strong> manuten\u00e7\u00e3o *<\/p>\n<p><strong>Diretoria Operacional<\/strong><\/p>\n<p><strong>Limpeza de Rio<\/strong>: Washington Luiz ; Capina: Pra\u00e7a Pasteur, Saldanha Marinho, Rua Cear\u00e1 (casinhas)!, Rua Al\u00edpio Gomes da Costa, rua Romeu Sutter, Comunidade do Alem\u00e3o, Rua Paulo Herv\u00ea, Rua Honduras. Rua Nicar\u00e1gua, Rua Guilherme Blazer, Monsenhor Bacelar, Lagoinha, Ch\u00e1cara das Rosas, Bairro Mau\u00e1, Duarte da Silveira, Rua Paulista, Rua Vitor Levy *<\/p>\n<p><strong>Ro\u00e7ada<\/strong>: J\u00falio da Mota Vizeu, Capela, Dr. S\u00e1 Earp &nbsp;*<\/p>\n<p><strong>M\u00e1quinas e Caminh\u00f5es:<\/strong> Taquara, S\u00e3o Salvador, Get\u00falio Vargas, Morim, Ferrovi\u00e1rios, S\u00e3o Norberto, Fabr\u00edcio de Matos, Dias de Oliveira, Jo\u00e3o Xavier &nbsp;*<\/p>\n<p><strong>Retirada de Barreira:<\/strong> Sargento Boening (Bob Cat) *<\/p>\n<p><strong>Caminh\u00e3o Poli Guindaste<\/strong>: Bairro Mau\u00e1, Independ\u00eancia &nbsp;*<\/p>\n<p><strong>Caminh\u00e3o D 08:<\/strong> General Rondon, Quitandinha, Coronel Veiga, Washington Luiz, Centro Hist\u00f3rico, Piabanha, Bar\u00e3o do Rio Branco, Dr. S\u00e1 Earp, Albino Siqueira, Crist\u00f3v\u00e3o Colombo, Conde D&#8217;Eu, Olavo Bilac e Turmas . *<\/p>\n<p><strong>Diretoria de Limpeza Urbana<\/strong><\/p>\n<p><strong>Varri\u00e7\u00e3o:<\/strong> Castel\u00e2nea, Simeria, S\u00e3o Sebasti\u00e3o, Olavo Bilac, General Rondon, Get\u00falio Vargas, Valpara\u00edso e Fabr\u00edcio de Matos *<\/p>\n<p><strong>Varri\u00e7\u00e3o<\/strong>: feira livre do Centro *<\/p>\n<p><strong>(03) funcion\u00e1rios<\/strong> trabalhando na feira livre do Centro, na retirada de res\u00edduos debaixo das bancas *<\/p>\n<p><strong>Caminh\u00e3o (C20) recolhimento de sacos de varri\u00e7\u00e3o<\/strong>: Quitandinha, Coronel Veiga, Alto da Serra, Morin, Centro, Centro Hist\u00f3rico&nbsp; e Bingen *<\/p>\n<p><strong>Caminh\u00e3o (C55) Pipa lavagem:<\/strong> Centro, Centro Hist\u00f3rico, pra\u00e7a Alcindo Sodr\u00e9 atr\u00e1s da banca de jornal, ap\u00f3s verificando o chafariz do Pal\u00e1cio de Cristal *<\/p>\n<p><strong>Diretoria de Obras<\/strong><\/p>\n<p><strong>Obras<\/strong>: instala\u00e7\u00e3o de tela na futura pracinha, no 17, Bingen, instala\u00e7\u00e3o de tela Na Rua Felipe Camar\u00e3o, Retiro, constru\u00e7\u00e3o de base na Comunidade da Gl\u00f3ria, pr\u00f3ximo do material de constru\u00e7\u00e3o *<\/p>\n<p><strong>Pintura<\/strong>: prepara\u00e7\u00e3o para pintura na pra\u00e7a 14 bis, continua\u00e7\u00e3o, limpeza na Rua Souza Franco, vistoria no Parque Cremerie *<\/p>\n<p><strong>Carpintaria<\/strong>: reparo e confec\u00e7\u00e3o de bancos e pe\u00e7as de pra\u00e7as e parquinhos, vistoria na pracinha da Rua Marciano Magalh\u00e3es, na entrada da Pedro Ivo *<\/p>\n<p><strong>Serralheria<\/strong>: confec\u00e7\u00e3o de cestas de coletoras na cia, recupera\u00e7\u00e3o de barracas de eventos, recupera\u00e7\u00e3o de corrim\u00e3o no Bonfim *<\/p>\n<p><strong>El\u00e9trica<\/strong>: manuten\u00e7\u00e3o em chafarizes do Centro Hist\u00f3rico *<\/p>\n<p><strong>Capina e ro\u00e7ada<\/strong>: Rua Jos\u00e9 Tim\u00f3teo Caldara, Bela Vista (continua\u00e7\u00e3o) *<\/p>\n<p><strong>Capina e limpeza de ralos:<\/strong> Rua Floriano Peixoto e Helio Bitencourt *<\/p>\n<p><strong>Distritos<\/strong><\/p>\n<p><strong>Ro\u00e7ada e capina:<\/strong> continua\u00e7\u00e3o Estrada das Arcas *<\/p>\n<p><strong>M\u00e1quina e caminh\u00f5es<\/strong>: Rua Vig\u00e1rio Correa e Estrada Mineira *<\/p>\n<p><strong>Varri\u00e7\u00e3o di\u00e1ria<\/strong>: Corr\u00eaas, Nogueiras, Araras, Itaipava, Madame Machado, Vila Rica, Pedro do Rio, Secret\u00e1rio *<\/p>\n<p><strong>Eventos<\/strong><\/p>\n<p><strong>Pintura<\/strong> das barracas verdes da companhia.&nbsp; E qualquer solicita\u00e7\u00e3o da presid\u00eancia da Rep\u00fablica da presid\u00eancia! *<\/p>\n","protected":false},"excerpt":{"rendered":"<p>Diretoria de Parques e Jardins Corte de grama: Pra\u00e7a Conde do Bar\u00e3o do Rio Branco, Casa do Colono * Jardim: Piabanha &nbsp;* Kombi do jardim: transporte de ferramentas &nbsp;* Caminh\u00e3o do jardim: manuten\u00e7\u00e3o * Diretoria Operacional Limpeza de Rio: Washington Luiz ; Capina: Pra\u00e7a Pasteur, Saldanha Marinho, Rua Cear\u00e1 (casinhas)!, Rua Al\u00edpio Gomes da Costa,&hellip;<\/p>\n","protected":false},"author":1,"featured_media":2297,"comment_status":"open","ping_status":"open","sticky":false,"template":"","format":"standard","meta":{"_themeisle_gutenberg_block_has_review":false,"footnotes":""},"categories":[1],"tags":[],"_links":{"self":[{"href":"https:\/\/comdep.com.br\/index.php?rest_route=\/wp\/v2\/posts\/2295"}],"collection":[{"href":"https:\/\/comdep.com.br\/index.php?rest_route=\/wp\/v2\/posts"}],"about":[{"href":"https:\/\/comdep.com.br\/index.php?rest_route=\/wp\/v2\/types\/post"}],"author":[{"embeddable":true,"href":"https:\/\/comdep.com.br\/index.php?rest_route=\/wp\/v2\/users\/1"}],"replies":[{"embeddable":true,"href":"https:\/\/comdep.com.br\/index.php?rest_route=%2Fwp%2Fv2%2Fcomments&post=2295"}],"version-history":[{"count":2,"href":"https:\/\/comdep.com.br\/index.php?rest_route=\/wp\/v2\/posts\/2295\/revisions"}],"predecessor-version":[{"id":2298,"href":"https:\/\/comdep.com.br\/index.php?rest_route=\/wp\/v2\/posts\/2295\/revisions\/2298"}],"wp:featuredmedia":[{"embeddable":true,"href":"https:\/\/comdep.com.br\/index.php?rest_route=\/wp\/v2\/media\/2297"}],"wp:attachment":[{"href":"https:\/\/comdep.com.br\/index.php?rest_route=%2Fwp%2Fv2%2Fmedia&parent=2295"}],"wp:term":[{"taxonomy":"category","embeddable":true,"href":"https:\/\/comdep.com.br\/index.php?rest_route=%2Fwp%2Fv2%2Fcategories&post=2295"},{"taxonomy":"post_tag","embeddable":true,"href":"https:\/\/comdep.com.br\/index.php?rest_route=%2Fwp%2Fv2%2Ftags&post=2295"}],"curies":[{"name":"wp","href":"https:\/\/api.w.org\/{rel}","templated":true}]}}