{"id":2380,"date":"2020-01-17T17:35:09","date_gmt":"2020-01-17T20:35:09","guid":{"rendered":"http:\/\/comdep.com.br\/?p=2380"},"modified":"2020-01-29T11:46:02","modified_gmt":"2020-01-29T14:46:02","slug":"comdep-trabalhando-hoje-18-01-2020-nos-seguintes-locais","status":"publish","type":"post","link":"https:\/\/comdep.com.br\/?p=2380","title":{"rendered":"COMDEP trabalhando hoje 18\/01\/2020 nos seguintes locais:"},"content":{"rendered":"<p><strong>Diretoria de Limpeza Urbana<\/strong><\/p>\n<p><strong>Caminh\u00e3o ( C20 ) recolhimento de sacos de varri\u00e7\u00e3o e capina<\/strong>: Quitandinha, Alto da Serra, Morim, Centro, Centro Hist\u00f3rico, Bar\u00e3o do Rio Branco, Bingen e Alberto de Oliveira *<\/p>\n<p><strong>Caminh\u00e3o ( C55 ) Pipa lavagem<\/strong>: Centro, Centro Hist\u00f3rico e Rua coronel Veiga *<\/p>\n<p><strong>Varri\u00e7\u00e3o<\/strong>: Centro, centro hist\u00f3rico, pra\u00e7a da liberdade, Roberto da Silveira, 7 de Abril, Fabr\u00edcio de Matos e Valpara\u00edso *<\/p>\n<p><strong>Varri\u00e7\u00e3o<\/strong>: feira livre do Centro *<\/p>\n<p><strong>(03) funcion\u00e1rios<\/strong> trabalhando na feira livre do centro, na retirada de res\u00edduos debaixo das bancas *<\/p>\n<p><strong>Eventos<\/strong><\/p>\n<p><strong>Montar<\/strong> 6 barracas na pra\u00e7a Alcindo Sodr\u00e9.&nbsp; E transportar o tablado *<\/p>\n<p><strong>Diretoria Operacional<\/strong><\/p>\n<p><strong>M\u00e1quinas e caminh\u00f5e<\/strong>s: Olavo Bilac, S\u00e3o Sebasti\u00e3o, Crist\u00f3v\u00e3o Colombo, Albino Siqueira, Rua Santo Ant\u00f4nio,Romeu Sutter, Morin *<\/p>\n<p><strong>Parque<\/strong> de exposi\u00e7\u00f5es de Itaipava com coloca\u00e7\u00e3o de P\u00f3 de Pedra *<\/p>\n<p><strong>Corte de \u00e1rvores<\/strong>: Rua da Imperatriz *<\/p>\n<p><strong>Caminh\u00e3o D 08<\/strong>: Centro administrativo da Bar\u00e3o do Rio Branco *<\/p>\n<p><strong>Diretoria de Obras<\/strong><\/p>\n<p><strong>Obras<\/strong>: Arruma\u00e7\u00e3o no p\u00e1tio interno da cia *<\/p>\n<p><strong>Serralheria<\/strong>: Confec\u00e7\u00e3o de cestas de coletoras na cia *<\/p>\n<p><strong>Capina e ro\u00e7ada<\/strong>: Servid\u00e3o do Ipase (Hospital Alcides Carneiro) *<\/p>\n<p><strong>Distritos<\/strong><\/p>\n<p><strong>Ro\u00e7ada e capina<\/strong>: continua\u00e7\u00e3o Uni\u00e3o e Ind\u00fastria *<\/p>\n<p><strong>Varri\u00e7\u00e3o di\u00e1ria<\/strong>: Corr\u00eaas, Nogueiras, Araras, Itaipava, Madame Machado, Vila Rica, Pedro do Rio, Secret\u00e1rio *<\/p>\n","protected":false},"excerpt":{"rendered":"<p>Diretoria de Limpeza Urbana Caminh\u00e3o ( C20 ) recolhimento de sacos de varri\u00e7\u00e3o e capina: Quitandinha, Alto da Serra, Morim, Centro, Centro Hist\u00f3rico, Bar\u00e3o do Rio Branco, Bingen e Alberto de Oliveira * Caminh\u00e3o ( C55 ) Pipa lavagem: Centro, Centro Hist\u00f3rico e Rua coronel Veiga * Varri\u00e7\u00e3o: Centro, centro hist\u00f3rico, pra\u00e7a da liberdade, Roberto&hellip;<\/p>\n","protected":false},"author":1,"featured_media":2386,"comment_status":"closed","ping_status":"closed","sticky":false,"template":"","format":"standard","meta":{"_themeisle_gutenberg_block_has_review":false,"footnotes":""},"categories":[1],"tags":[],"_links":{"self":[{"href":"https:\/\/comdep.com.br\/index.php?rest_route=\/wp\/v2\/posts\/2380"}],"collection":[{"href":"https:\/\/comdep.com.br\/index.php?rest_route=\/wp\/v2\/posts"}],"about":[{"href":"https:\/\/comdep.com.br\/index.php?rest_route=\/wp\/v2\/types\/post"}],"author":[{"embeddable":true,"href":"https:\/\/comdep.com.br\/index.php?rest_route=\/wp\/v2\/users\/1"}],"replies":[{"embeddable":true,"href":"https:\/\/comdep.com.br\/index.php?rest_route=%2Fwp%2Fv2%2Fcomments&post=2380"}],"version-history":[{"count":4,"href":"https:\/\/comdep.com.br\/index.php?rest_route=\/wp\/v2\/posts\/2380\/revisions"}],"predecessor-version":[{"id":2388,"href":"https:\/\/comdep.com.br\/index.php?rest_route=\/wp\/v2\/posts\/2380\/revisions\/2388"}],"wp:featuredmedia":[{"embeddable":true,"href":"https:\/\/comdep.com.br\/index.php?rest_route=\/wp\/v2\/media\/2386"}],"wp:attachment":[{"href":"https:\/\/comdep.com.br\/index.php?rest_route=%2Fwp%2Fv2%2Fmedia&parent=2380"}],"wp:term":[{"taxonomy":"category","embeddable":true,"href":"https:\/\/comdep.com.br\/index.php?rest_route=%2Fwp%2Fv2%2Fcategories&post=2380"},{"taxonomy":"post_tag","embeddable":true,"href":"https:\/\/comdep.com.br\/index.php?rest_route=%2Fwp%2Fv2%2Ftags&post=2380"}],"curies":[{"name":"wp","href":"https:\/\/api.w.org\/{rel}","templated":true}]}}