{"id":2389,"date":"2020-01-20T09:48:05","date_gmt":"2020-01-20T12:48:05","guid":{"rendered":"http:\/\/comdep.com.br\/?p=2389"},"modified":"2020-01-29T11:46:09","modified_gmt":"2020-01-29T14:46:09","slug":"comdep-trabalhando-hoje-20-01-2020-nos-seguintes-locais","status":"publish","type":"post","link":"https:\/\/comdep.com.br\/?p=2389","title":{"rendered":"COMDEP trabalhando hoje 19\/01\/2020 nos seguintes locais:"},"content":{"rendered":"<p><strong>Diretoria de Limpeza Urbana<\/strong><\/p>\n<p><strong>Caminh\u00e3o (D08<\/strong>) recolhimento de sacos de varri\u00e7\u00e3o: Quitandinha, Coronel Veiga, Centro, Centro Hist\u00f3rico e Bingen *<\/p>\n<p><strong>Varri\u00e7\u00e3o (das 07:00 at\u00e9 11:00) turma da manh\u00e3<\/strong>: Centro, Centro Hist\u00f3rico, pra\u00e7a da liberdade, 13 de maio, Pal\u00e1cio de cristal, Bar\u00e3o do Rio Branco, Cascatinha, Itamarati, Quitandinha, Alto da Serra, Mosela e Quitandinha *<\/p>\n<p><strong>Varri\u00e7\u00e3o<\/strong>: feira livre do Alto da Serra *<\/p>\n<p><strong>(03) funcion\u00e1rios<\/strong> trabalhando na feira livre do Alto da Serra, na retirada de res\u00edduos debaixo das bancas *<\/p>\n<p><strong>Varri\u00e7\u00e3o<\/strong>: feira livre da rua Duarte da Silveira *<\/p>\n<p><strong>Varri\u00e7\u00e3o (das 14:00 at\u00e9 18:00) turma da tarde<\/strong>: Centro, Centro Hist\u00f3rico e Rua Teresa *<\/p>\n<p><strong>Varri\u00e7\u00e3o (das 17:00 at\u00e9 22:00) turma da noite<\/strong>: Centro, Centro Hist\u00f3rico, Pra\u00e7a da Liberdade, Pal\u00e1cio de Cristal, 13 de Maio e Rua Teresa *<\/p>\n<p><strong>Varri\u00e7\u00e3o<\/strong>: Alto da Serra e adjac\u00eancias, pra\u00e7a Pasteur, Cascatinha, Itamarati e Quissam\u00e3, Mosela, Centro Hist\u00f3rico, pra\u00e7a da liberdade, Pal\u00e1cio de Cristal e 13 de Maio, Centro da cidade e adjac\u00eancias (turma da manh\u00e3), Centro, Centro Hist\u00f3rico e Rua Teresa (turma da tarde), Parque de exposi\u00e7\u00f5es Itaipava (turma da noite), S\u00e3o Sebasti\u00e3o *<\/p>\n","protected":false},"excerpt":{"rendered":"<p>Diretoria de Limpeza Urbana Caminh\u00e3o (D08) recolhimento de sacos de varri\u00e7\u00e3o: Quitandinha, Coronel Veiga, Centro, Centro Hist\u00f3rico e Bingen * Varri\u00e7\u00e3o (das 07:00 at\u00e9 11:00) turma da manh\u00e3: Centro, Centro Hist\u00f3rico, pra\u00e7a da liberdade, 13 de maio, Pal\u00e1cio de cristal, Bar\u00e3o do Rio Branco, Cascatinha, Itamarati, Quitandinha, Alto da Serra, Mosela e Quitandinha * Varri\u00e7\u00e3o:&hellip;<\/p>\n","protected":false},"author":1,"featured_media":2390,"comment_status":"closed","ping_status":"closed","sticky":false,"template":"","format":"standard","meta":{"_themeisle_gutenberg_block_has_review":false,"footnotes":""},"categories":[1],"tags":[],"_links":{"self":[{"href":"https:\/\/comdep.com.br\/index.php?rest_route=\/wp\/v2\/posts\/2389"}],"collection":[{"href":"https:\/\/comdep.com.br\/index.php?rest_route=\/wp\/v2\/posts"}],"about":[{"href":"https:\/\/comdep.com.br\/index.php?rest_route=\/wp\/v2\/types\/post"}],"author":[{"embeddable":true,"href":"https:\/\/comdep.com.br\/index.php?rest_route=\/wp\/v2\/users\/1"}],"replies":[{"embeddable":true,"href":"https:\/\/comdep.com.br\/index.php?rest_route=%2Fwp%2Fv2%2Fcomments&post=2389"}],"version-history":[{"count":2,"href":"https:\/\/comdep.com.br\/index.php?rest_route=\/wp\/v2\/posts\/2389\/revisions"}],"predecessor-version":[{"id":2392,"href":"https:\/\/comdep.com.br\/index.php?rest_route=\/wp\/v2\/posts\/2389\/revisions\/2392"}],"wp:featuredmedia":[{"embeddable":true,"href":"https:\/\/comdep.com.br\/index.php?rest_route=\/wp\/v2\/media\/2390"}],"wp:attachment":[{"href":"https:\/\/comdep.com.br\/index.php?rest_route=%2Fwp%2Fv2%2Fmedia&parent=2389"}],"wp:term":[{"taxonomy":"category","embeddable":true,"href":"https:\/\/comdep.com.br\/index.php?rest_route=%2Fwp%2Fv2%2Fcategories&post=2389"},{"taxonomy":"post_tag","embeddable":true,"href":"https:\/\/comdep.com.br\/index.php?rest_route=%2Fwp%2Fv2%2Ftags&post=2389"}],"curies":[{"name":"wp","href":"https:\/\/api.w.org\/{rel}","templated":true}]}}