{"id":2407,"date":"2020-01-22T11:36:22","date_gmt":"2020-01-22T14:36:22","guid":{"rendered":"http:\/\/comdep.com.br\/?p=2407"},"modified":"2020-01-29T11:46:36","modified_gmt":"2020-01-29T14:46:36","slug":"comdep-trabalhando-hoje-22-01-2020-nos-seguintes-locais","status":"publish","type":"post","link":"https:\/\/comdep.com.br\/?p=2407","title":{"rendered":"COMDEP trabalhando hoje 22\/01\/2020 nos seguintes locais:"},"content":{"rendered":"<p><strong>Distrito<\/strong><\/p>\n<p><strong>Ro\u00e7ada e capina<\/strong>: continua\u00e7\u00e3o Rodolfo Bruno, Princesa D Paula &nbsp;*<\/p>\n<p><strong>Maquina e caminh\u00f5es<\/strong>: continua\u00e7\u00e3o Estrada das Arcas &nbsp;*<\/p>\n<p><strong>Varri\u00e7\u00e3o di\u00e1ria<\/strong>: Corr\u00eaas, Nogueiras, Araras, Itaipava, Madame Machado, Vila Rica, Pedro do Rio, Secret\u00e1rio *<\/p>\n<p><strong>Diretoria Operacional<\/strong><\/p>\n<p><strong>M\u00e1quinas e caminh\u00f5es<\/strong>: Alagoas, Rep\u00fablica Argentina, Cear\u00e1, Ferrovi\u00e1rios, Sargento Boening *<\/p>\n<p><strong>Caminh\u00e3o D 08<\/strong>: Centro Hist\u00f3rico e turmas *<\/p>\n<p><strong>Caminh\u00e3o Poli Guindaste<\/strong>: Contorno, Independ\u00eancia *<\/p>\n<p><strong>Capina e ro\u00e7ada<\/strong>: Vila Felipe, Tamancoldi, Bar\u00e3o do Rio Branco, Bingen, Duque de Caxias, Eug\u00eanio Barcellos, Av. Estados Unidos, Paulo Herv\u00ea, 29 de Junho, Olavo Bilac, Thouzet, Dias de Oliveira, Pic Nic, Ad\u00e3o Brand *<\/p>\n<p><strong>Retirada<\/strong> de barreira na Rua Francisco Bello *<\/p>\n<p><strong>Diretoria de Limpeza Urbana<\/strong><\/p>\n<p><strong>Varri\u00e7\u00e3o<\/strong>: Caminh\u00e3o (C20) recolhimento de sacos de varri\u00e7\u00e3o: Quitandinha, coronel Veiga, Alto da Serra, Morin, Centro, Centro Hist\u00f3rico e Bingen *<\/p>\n<p><strong>Caminh\u00e3o (i02) Pipa lavagem<\/strong>: Centro, Centro Hist\u00f3rico, Pra\u00e7a Alcindo Sodr\u00e9 atr\u00e1s da banca de jornal e ap\u00f3s verificando o chafariz da Pra\u00e7a do Bosque *<\/p>\n<p><strong>Varri\u00e7\u00e3o<\/strong>: Get\u00falio Vargas, General Rondon, Olavo Bilac, Simeria, S\u00e3o Sebasti\u00e3o, Castel\u00e2nea, Pra\u00e7a Pasteur e Pra\u00e7a Catulo *<\/p>\n<p><strong>Diretoria de Parques e Jardins<\/strong><\/p>\n<p><strong>Corte de grama:<\/strong> Pra\u00e7a Osvaldo Cruz, Avenida Koeller, Quitandinha &nbsp;*<\/p>\n<p><strong>Jardim<\/strong>: Figueira de Melo, Catedral &nbsp;*<\/p>\n<p><strong>Caminh\u00e3o do jardim<\/strong>: recolher lixo verde Correias, reta do Prado *<\/p>\n","protected":false},"excerpt":{"rendered":"<p>Distrito Ro\u00e7ada e capina: continua\u00e7\u00e3o Rodolfo Bruno, Princesa D Paula &nbsp;* Maquina e caminh\u00f5es: continua\u00e7\u00e3o Estrada das Arcas &nbsp;* Varri\u00e7\u00e3o di\u00e1ria: Corr\u00eaas, Nogueiras, Araras, Itaipava, Madame Machado, Vila Rica, Pedro do Rio, Secret\u00e1rio * Diretoria Operacional M\u00e1quinas e caminh\u00f5es: Alagoas, Rep\u00fablica Argentina, Cear\u00e1, Ferrovi\u00e1rios, Sargento Boening * Caminh\u00e3o D 08: Centro Hist\u00f3rico e turmas *&hellip;<\/p>\n","protected":false},"author":1,"featured_media":2409,"comment_status":"closed","ping_status":"closed","sticky":false,"template":"","format":"standard","meta":{"_themeisle_gutenberg_block_has_review":false,"footnotes":""},"categories":[1],"tags":[],"_links":{"self":[{"href":"https:\/\/comdep.com.br\/index.php?rest_route=\/wp\/v2\/posts\/2407"}],"collection":[{"href":"https:\/\/comdep.com.br\/index.php?rest_route=\/wp\/v2\/posts"}],"about":[{"href":"https:\/\/comdep.com.br\/index.php?rest_route=\/wp\/v2\/types\/post"}],"author":[{"embeddable":true,"href":"https:\/\/comdep.com.br\/index.php?rest_route=\/wp\/v2\/users\/1"}],"replies":[{"embeddable":true,"href":"https:\/\/comdep.com.br\/index.php?rest_route=%2Fwp%2Fv2%2Fcomments&post=2407"}],"version-history":[{"count":2,"href":"https:\/\/comdep.com.br\/index.php?rest_route=\/wp\/v2\/posts\/2407\/revisions"}],"predecessor-version":[{"id":2410,"href":"https:\/\/comdep.com.br\/index.php?rest_route=\/wp\/v2\/posts\/2407\/revisions\/2410"}],"wp:featuredmedia":[{"embeddable":true,"href":"https:\/\/comdep.com.br\/index.php?rest_route=\/wp\/v2\/media\/2409"}],"wp:attachment":[{"href":"https:\/\/comdep.com.br\/index.php?rest_route=%2Fwp%2Fv2%2Fmedia&parent=2407"}],"wp:term":[{"taxonomy":"category","embeddable":true,"href":"https:\/\/comdep.com.br\/index.php?rest_route=%2Fwp%2Fv2%2Fcategories&post=2407"},{"taxonomy":"post_tag","embeddable":true,"href":"https:\/\/comdep.com.br\/index.php?rest_route=%2Fwp%2Fv2%2Ftags&post=2407"}],"curies":[{"name":"wp","href":"https:\/\/api.w.org\/{rel}","templated":true}]}}