{"id":2415,"date":"2020-01-23T10:48:17","date_gmt":"2020-01-23T13:48:17","guid":{"rendered":"http:\/\/comdep.com.br\/?p=2415"},"modified":"2020-01-29T11:46:41","modified_gmt":"2020-01-29T14:46:41","slug":"comdep-trabalhando-hoje-23-01-2020-nos-seguintes-locais","status":"publish","type":"post","link":"https:\/\/comdep.com.br\/?p=2415","title":{"rendered":"COMDEP trabalhando hoje 23\/01\/2020 nos seguintes locais:"},"content":{"rendered":"<p><strong>Diretoria de Limpeza P\u00fablica<\/strong><\/p>\n<p><strong>Caminh\u00e3o (C20) recolhimento de sacos de varri\u00e7\u00e3o<\/strong>: General Rondon, Coronel Veiga, Alto da Serra, Morin, Centro, Centro Hist\u00f3rico e Bingen *<\/p>\n<p><strong>Caminh\u00e3o (I02) Pipa lavagem<\/strong>: Centro, Centro Hist\u00f3rico, Pra\u00e7a Alcindo Sodr\u00e9 atr\u00e1s da banca de jornal e ap\u00f3s verificando o chafariz de Nogueira *<\/p>\n<p><strong>Varri\u00e7\u00e3o<\/strong>: Cascatinha, Boa Vista, Estrada da Saudade, Fonseca Ramos, Quissam\u00e3, Bairro Esperan\u00e7a, Ponte de ferro e Itamarati *<\/p>\n<p><strong>Varri\u00e7\u00e3o<\/strong>: feira livre da Pra\u00e7a Pasteur *<\/p>\n<p><strong>Turma da noite<\/strong>: lavando a Rua Teresa *<\/p>\n<p><strong>Distrito<\/strong><\/p>\n<p><strong>Ro\u00e7ada e capina<\/strong>: apoio mutir\u00e3o Madame Machado e Parque de Exposi\u00e7\u00e3o &nbsp;*<\/p>\n<p><strong>M\u00e1quina e caminh\u00f5es<\/strong>: apoio mutir\u00e3o Madame Machado &nbsp;*<\/p>\n<p><strong>Varri\u00e7\u00e3o<\/strong>: Corr\u00eaas, Nogueiras, Araras, Itaipava, Madame Machado, Vila Rica, Pedro do Rio, Secret\u00e1rio &nbsp;*<\/p>\n<p><strong>Obras<\/strong>: troca de uma cesta de 2 metros na Ladeira Rocha Miranda, Quarteir\u00e3o Ingelhein, retirar monumento no galp\u00e3o da Mosela, mutir\u00e3o no bairro Madame Machado *<\/p>\n<p><strong>Serralheria<\/strong>: confec\u00e7\u00e3o de cestas de coletoras na cia, instala\u00e7\u00e3o de portas e port\u00e3o no Eco-Ponto de Araras (continua\u00e7\u00e3o) *<\/p>\n<p><strong>Pintura<\/strong>: 17 Bingen, (continua\u00e7\u00e3o), Manuel Torres (continua\u00e7\u00e3o) *<\/p>\n<p><strong>Carpintaria<\/strong>: reparo e confec\u00e7\u00e3o de bancos e pe\u00e7as de pra\u00e7as e parquinhos, conserto do telhado na Rua Otto Reymares, Morin *<\/p>\n<p><strong>El\u00e9trica<\/strong>: manuten\u00e7\u00e3o na garagem dos caminh\u00f5es na cia, manuten\u00e7\u00e3o em chafarizes do Centro Hist\u00f3rico *<\/p>\n<p><strong>Capina e ro\u00e7ada:<\/strong> Rua Abade Paula (continua\u00e7\u00e3o) *<\/p>\n<p><strong>Capina e ro\u00e7ada:<\/strong> H\u00e9lio Bitencourt (continua\u00e7\u00e3o) *<\/p>\n<p><strong>Parques e Jardins<\/strong><\/p>\n<p><strong>Corte de grama<\/strong>: Ayrton Senna, Avenida Koeller, Padre Siqueira *<\/p>\n<p><strong>Jardim<\/strong>: Fabr\u00edcio de Mattos, Buenos Aires Pra\u00e7a Osvaldo Cruz *<\/p>\n<p><strong>Caminh\u00e3o do jardim<\/strong>: recolher lixo verde na Mosela, Ayrton Senna, Catedral *<\/p>\n<p><strong>Diretoria Operacional &nbsp;<\/strong><\/p>\n<p><strong>M\u00e1quinas e caminh\u00f5es<\/strong>: Ruas Par\u00e1, Rep\u00fablica Argentina, Av. Estados Unidos, S\u00e3o Norberto, Fabr\u00edcio de Matos, Duarte da Silveira, Paulista, Sargento Boening *<\/p>\n<p><strong>Caminh\u00e3o D 08:<\/strong> Centro Hist\u00f3rico e turmas *<\/p>\n<p><strong>Caminh\u00e3o Poli Guindaste<\/strong>: Casemiro de Abreu, Francisco Bello *<\/p>\n<p><strong>Capina e ro\u00e7ada<\/strong>: Imperatriz, Albino Siqueira, Vila Felipe, Gustavo Sampaio, Fabr\u00edcio de Matos, Bingen, Duque de Caxias, Frei Ciriaco, Av. Estados Unidos, Morro Pr\u00edncipe, Rua Tereza, Crist\u00f3v\u00e3o Colombo, Lopes de Castro, Dias de Oliveira, Pronto Socorro Nelson S\u00e1 Earp, Ad\u00e3o Brand *<\/p>\n<p><strong>Retirada<\/strong> de barreira na Rua Casemiro de Abreu *<\/p>\n","protected":false},"excerpt":{"rendered":"<p>Diretoria de Limpeza P\u00fablica Caminh\u00e3o (C20) recolhimento de sacos de varri\u00e7\u00e3o: General Rondon, Coronel Veiga, Alto da Serra, Morin, Centro, Centro Hist\u00f3rico e Bingen * Caminh\u00e3o (I02) Pipa lavagem: Centro, Centro Hist\u00f3rico, Pra\u00e7a Alcindo Sodr\u00e9 atr\u00e1s da banca de jornal e ap\u00f3s verificando o chafariz de Nogueira * Varri\u00e7\u00e3o: Cascatinha, Boa Vista, Estrada da Saudade,&hellip;<\/p>\n","protected":false},"author":1,"featured_media":2417,"comment_status":"closed","ping_status":"closed","sticky":false,"template":"","format":"standard","meta":{"_themeisle_gutenberg_block_has_review":false,"footnotes":""},"categories":[1],"tags":[],"_links":{"self":[{"href":"https:\/\/comdep.com.br\/index.php?rest_route=\/wp\/v2\/posts\/2415"}],"collection":[{"href":"https:\/\/comdep.com.br\/index.php?rest_route=\/wp\/v2\/posts"}],"about":[{"href":"https:\/\/comdep.com.br\/index.php?rest_route=\/wp\/v2\/types\/post"}],"author":[{"embeddable":true,"href":"https:\/\/comdep.com.br\/index.php?rest_route=\/wp\/v2\/users\/1"}],"replies":[{"embeddable":true,"href":"https:\/\/comdep.com.br\/index.php?rest_route=%2Fwp%2Fv2%2Fcomments&post=2415"}],"version-history":[{"count":2,"href":"https:\/\/comdep.com.br\/index.php?rest_route=\/wp\/v2\/posts\/2415\/revisions"}],"predecessor-version":[{"id":2418,"href":"https:\/\/comdep.com.br\/index.php?rest_route=\/wp\/v2\/posts\/2415\/revisions\/2418"}],"wp:featuredmedia":[{"embeddable":true,"href":"https:\/\/comdep.com.br\/index.php?rest_route=\/wp\/v2\/media\/2417"}],"wp:attachment":[{"href":"https:\/\/comdep.com.br\/index.php?rest_route=%2Fwp%2Fv2%2Fmedia&parent=2415"}],"wp:term":[{"taxonomy":"category","embeddable":true,"href":"https:\/\/comdep.com.br\/index.php?rest_route=%2Fwp%2Fv2%2Fcategories&post=2415"},{"taxonomy":"post_tag","embeddable":true,"href":"https:\/\/comdep.com.br\/index.php?rest_route=%2Fwp%2Fv2%2Ftags&post=2415"}],"curies":[{"name":"wp","href":"https:\/\/api.w.org\/{rel}","templated":true}]}}