{"id":2423,"date":"2020-01-24T10:34:41","date_gmt":"2020-01-24T13:34:41","guid":{"rendered":"http:\/\/comdep.com.br\/?p=2423"},"modified":"2020-01-29T11:46:47","modified_gmt":"2020-01-29T14:46:47","slug":"comdep-trabalhando-hoje-24-01-2020-nos-seguintes-locais","status":"publish","type":"post","link":"https:\/\/comdep.com.br\/?p=2423","title":{"rendered":"COMDEP trabalhando hoje 24\/01\/2020 nos seguintes locais:"},"content":{"rendered":"<p><strong>Diretoria Operacional<\/strong><\/p>\n<p><strong>M\u00e1quinas e caminh\u00f5es<\/strong>: Avenida Estados Unidos, Rep\u00fablica Argentina, Par\u00e1, Independ\u00eancia *<\/p>\n<p><strong>Caminh\u00e3o D 08<\/strong>: Centro Hist\u00f3rico e turmas *<\/p>\n<p><strong>Caminh\u00e3o Poli Guindaste<\/strong>: Casemiro de Abreu *<\/p>\n<p><strong>Capina e ro\u00e7ada<\/strong>: Albino Siqueira, Imperatriz, Vila Felipe, Tamancoldi, Tom\u00e1s Cameron, Bingen, Duque de Caxias, Frei C\u00edriaco, Get\u00falio Vargas, Morro do Pr\u00edncipe, Jo\u00e3o Baraveli, Lopes de Castro, Dias de Oliveira, Pronto Socorro Nelson S\u00e1 Earp, Esqueleto, Ad\u00e3o Brand *<\/p>\n<p><strong>Retirada<\/strong> de barreira na Rua Casemiro de Abreu *<\/p>\n<p><strong>Limpeza de rio<\/strong>: Rua Washington Lu\u00eds *<\/p>\n<p><strong>Limpeza<\/strong> das jaqueiras do bosque do Imperador *<\/p>\n<p><strong>Distrito<\/strong><\/p>\n<p><strong>Ro\u00e7ada e capina<\/strong>: continua\u00e7\u00e3o Madame Machado e Parque de Exposi\u00e7\u00e3o &nbsp;*<\/p>\n<p><strong>M\u00e1quina e caminh\u00f5es<\/strong>: continua\u00e7\u00e3o Madame Machado &nbsp;*<\/p>\n<p><strong>Varri\u00e7\u00e3o di\u00e1ria<\/strong>: Corr\u00eaas, Nogueiras, Araras, Itaipava, Madame Machado, Vila Rica, Pedro do Rio, Secret\u00e1rio *<\/p>\n<p><strong>Diretoria de Obras<\/strong><\/p>\n<p><strong>Obras<\/strong>: troca de uma cesta de 3 metros no bairro Madame Machado, instala\u00e7\u00e3o de tela no Madame Machado, ao lado da coletora e placa proibitiva *<\/p>\n<p><strong>Serralheria<\/strong>: confec\u00e7\u00e3o de cestas de coletoras na cia, centro esportivo de Araras continua\u00e7\u00e3o *<\/p>\n<p><strong>Pintura<\/strong>: limpeza em pontes ao longo do Bingen e Manoel Torres *<\/p>\n<p><strong>Carpintaria<\/strong>: reparo e confec\u00e7\u00e3o de bancos e pe\u00e7as pra\u00e7as e parquinhos, instala\u00e7\u00e3o de placa proibitiva na Rua Ferreira Barcelos, Retiro, instala\u00e7\u00e3o de placa proibitiva na Rua Paulista, Saldanha Marinho n\u00ba 241 *<\/p>\n<p><strong>El\u00e9trica<\/strong>: manuten\u00e7\u00e3o em chafarizes do centro hist\u00f3rico, vistoria em bomba no Pal\u00e1cio de Cristal *<\/p>\n<p><strong>Diretoria de Limpeza P\u00fablica<\/strong><\/p>\n<p><strong>Capina e ro\u00e7ada<\/strong>: Humberto Rovigatti (continua\u00e7\u00e3o) *<\/p>\n<p><strong>Capina e ro\u00e7ada<\/strong>: Rua H\u00e9lio Bitencourt (continua\u00e7\u00e3o) *<\/p>\n<p><strong>Varri\u00e7\u00e3o<\/strong>: 24 de Maio, Rua Nova, Rua Teresa, Morin, Pedro Ivo, Alto da Serra, Vila Felipe, ch\u00e1cara Flora e Sargento Fontes *<\/p>\n<p><strong>Caminh\u00e3o (C20) recolhimento de sacos de varri\u00e7\u00e3o<\/strong>: Quitandinha, Coronel Veiga, Pra\u00e7a Pasteur, Alto da Serra, Morin, Centro, Centro Hist\u00f3rico e Bingen *<\/p>\n<p><strong>Caminh\u00e3o (C55) Pipa lavagem<\/strong>: Centro, Centro Hist\u00f3rico, Pra\u00e7a Alcindo Sodr\u00e9 atr\u00e1s da banca de jornal e ap\u00f3s verificando o chafariz do Pal\u00e1cio de Cristal *<\/p>\n<p><strong>Varri\u00e7\u00e3o<\/strong>: feira livre da Rua Francisco Manoel *<\/p>\n<p><strong>Parques e Jardins<\/strong><\/p>\n<p><strong>Corte de grama<\/strong>: Avenida Koeller, Ayrton Senna &nbsp;*<\/p>\n<p><strong>Jardim<\/strong>: Pra\u00e7a Dom Pedro, Pra\u00e7a dos Expedicion\u00e1rios, Pra\u00e7a Alcindo Sodr\u00e9 &nbsp;*<\/p>\n<p><strong>Caminh\u00e3o do jardim<\/strong>: recolher lixo verde Ayrton Senna e no Bingen *<\/p>\n","protected":false},"excerpt":{"rendered":"<p>Diretoria Operacional M\u00e1quinas e caminh\u00f5es: Avenida Estados Unidos, Rep\u00fablica Argentina, Par\u00e1, Independ\u00eancia * Caminh\u00e3o D 08: Centro Hist\u00f3rico e turmas * Caminh\u00e3o Poli Guindaste: Casemiro de Abreu * Capina e ro\u00e7ada: Albino Siqueira, Imperatriz, Vila Felipe, Tamancoldi, Tom\u00e1s Cameron, Bingen, Duque de Caxias, Frei C\u00edriaco, Get\u00falio Vargas, Morro do Pr\u00edncipe, Jo\u00e3o Baraveli, Lopes de Castro,&hellip;<\/p>\n","protected":false},"author":1,"featured_media":2425,"comment_status":"closed","ping_status":"closed","sticky":false,"template":"","format":"standard","meta":{"_themeisle_gutenberg_block_has_review":false,"footnotes":""},"categories":[1],"tags":[],"_links":{"self":[{"href":"https:\/\/comdep.com.br\/index.php?rest_route=\/wp\/v2\/posts\/2423"}],"collection":[{"href":"https:\/\/comdep.com.br\/index.php?rest_route=\/wp\/v2\/posts"}],"about":[{"href":"https:\/\/comdep.com.br\/index.php?rest_route=\/wp\/v2\/types\/post"}],"author":[{"embeddable":true,"href":"https:\/\/comdep.com.br\/index.php?rest_route=\/wp\/v2\/users\/1"}],"replies":[{"embeddable":true,"href":"https:\/\/comdep.com.br\/index.php?rest_route=%2Fwp%2Fv2%2Fcomments&post=2423"}],"version-history":[{"count":2,"href":"https:\/\/comdep.com.br\/index.php?rest_route=\/wp\/v2\/posts\/2423\/revisions"}],"predecessor-version":[{"id":2426,"href":"https:\/\/comdep.com.br\/index.php?rest_route=\/wp\/v2\/posts\/2423\/revisions\/2426"}],"wp:featuredmedia":[{"embeddable":true,"href":"https:\/\/comdep.com.br\/index.php?rest_route=\/wp\/v2\/media\/2425"}],"wp:attachment":[{"href":"https:\/\/comdep.com.br\/index.php?rest_route=%2Fwp%2Fv2%2Fmedia&parent=2423"}],"wp:term":[{"taxonomy":"category","embeddable":true,"href":"https:\/\/comdep.com.br\/index.php?rest_route=%2Fwp%2Fv2%2Fcategories&post=2423"},{"taxonomy":"post_tag","embeddable":true,"href":"https:\/\/comdep.com.br\/index.php?rest_route=%2Fwp%2Fv2%2Ftags&post=2423"}],"curies":[{"name":"wp","href":"https:\/\/api.w.org\/{rel}","templated":true}]}}