{"id":2431,"date":"2020-01-27T11:21:49","date_gmt":"2020-01-27T14:21:49","guid":{"rendered":"http:\/\/comdep.com.br\/?p=2431"},"modified":"2020-01-29T11:47:01","modified_gmt":"2020-01-29T14:47:01","slug":"comdep-trabalhando-hoje-26-01-2020-nos-seguintes-locais","status":"publish","type":"post","link":"https:\/\/comdep.com.br\/?p=2431","title":{"rendered":"COMDEP trabalhando hoje 26\/01\/2020 nos seguintes locais:"},"content":{"rendered":"<p><strong>Diretoria de Limpeza P\u00fablica<\/strong><\/p>\n<p><strong>Varri\u00e7\u00e3o (das 07:00 at\u00e9 11:00) turma da manh\u00e3<\/strong>: Centro, Centro Hist\u00f3rico, Pra\u00e7a da Liberdade, Mosela, Bar\u00e3o do Rio Branco, Cascatinha, Itamarati, Quissam\u00e3, Alto da Serra, pra\u00e7a Pasteur e Quitandinha *<\/p>\n<p><strong>Varri\u00e7\u00e3o<\/strong>: feira livre do Alto da Serra *<\/p>\n<p><strong>(03) funcion\u00e1rios<\/strong> trabalhando na feira livre do Alto da Serra na retirada de res\u00edduos debaixo das bancas *<\/p>\n<p><strong>Caminh\u00e3o (D08) recolhimento de sacos de varri\u00e7\u00e3o e lixo verde<\/strong>: Quitandinha, Coronel Veiga, Centro, Centro Hist\u00f3rico e Bingen *<\/p>\n<p><strong>Varri\u00e7\u00e3o (das 14:00 at\u00e9 18:00) turma da tarde<\/strong>: Centro, Centro Hist\u00f3rico e Rua Teresa *<\/p>\n<p><strong>Varri\u00e7\u00e3o (das 17:00 at\u00e9 22:00) turma da noite<\/strong>: Centro, Centro Hist\u00f3rico, Pra\u00e7a da Liberdade, 13 de maio e Rua Teresa *<\/p>\n<p><strong>Varri\u00e7\u00e3o<\/strong>: Centro Hist\u00f3rico, Pra\u00e7a da Liberdade, Pal\u00e1cio de Cristal e 13 de Maio (turma da manh\u00e3) *<\/p>\n","protected":false},"excerpt":{"rendered":"<p>Diretoria de Limpeza P\u00fablica Varri\u00e7\u00e3o (das 07:00 at\u00e9 11:00) turma da manh\u00e3: Centro, Centro Hist\u00f3rico, Pra\u00e7a da Liberdade, Mosela, Bar\u00e3o do Rio Branco, Cascatinha, Itamarati, Quissam\u00e3, Alto da Serra, pra\u00e7a Pasteur e Quitandinha * Varri\u00e7\u00e3o: feira livre do Alto da Serra * (03) funcion\u00e1rios trabalhando na feira livre do Alto da Serra na retirada de&hellip;<\/p>\n","protected":false},"author":1,"featured_media":2434,"comment_status":"closed","ping_status":"closed","sticky":false,"template":"","format":"standard","meta":{"_themeisle_gutenberg_block_has_review":false,"footnotes":""},"categories":[1],"tags":[],"_links":{"self":[{"href":"https:\/\/comdep.com.br\/index.php?rest_route=\/wp\/v2\/posts\/2431"}],"collection":[{"href":"https:\/\/comdep.com.br\/index.php?rest_route=\/wp\/v2\/posts"}],"about":[{"href":"https:\/\/comdep.com.br\/index.php?rest_route=\/wp\/v2\/types\/post"}],"author":[{"embeddable":true,"href":"https:\/\/comdep.com.br\/index.php?rest_route=\/wp\/v2\/users\/1"}],"replies":[{"embeddable":true,"href":"https:\/\/comdep.com.br\/index.php?rest_route=%2Fwp%2Fv2%2Fcomments&post=2431"}],"version-history":[{"count":2,"href":"https:\/\/comdep.com.br\/index.php?rest_route=\/wp\/v2\/posts\/2431\/revisions"}],"predecessor-version":[{"id":2433,"href":"https:\/\/comdep.com.br\/index.php?rest_route=\/wp\/v2\/posts\/2431\/revisions\/2433"}],"wp:featuredmedia":[{"embeddable":true,"href":"https:\/\/comdep.com.br\/index.php?rest_route=\/wp\/v2\/media\/2434"}],"wp:attachment":[{"href":"https:\/\/comdep.com.br\/index.php?rest_route=%2Fwp%2Fv2%2Fmedia&parent=2431"}],"wp:term":[{"taxonomy":"category","embeddable":true,"href":"https:\/\/comdep.com.br\/index.php?rest_route=%2Fwp%2Fv2%2Fcategories&post=2431"},{"taxonomy":"post_tag","embeddable":true,"href":"https:\/\/comdep.com.br\/index.php?rest_route=%2Fwp%2Fv2%2Ftags&post=2431"}],"curies":[{"name":"wp","href":"https:\/\/api.w.org\/{rel}","templated":true}]}}