{"id":2440,"date":"2020-01-28T10:18:47","date_gmt":"2020-01-28T13:18:47","guid":{"rendered":"http:\/\/comdep.com.br\/?p=2440"},"modified":"2020-01-29T11:47:16","modified_gmt":"2020-01-29T14:47:16","slug":"comdep-trabalhando-hoje-28-01-2020-nos-seguintes-locais","status":"publish","type":"post","link":"https:\/\/comdep.com.br\/?p=2440","title":{"rendered":"COMDEP trabalhando hoje 28\/01\/2020 nos seguintes locais:"},"content":{"rendered":"<p><strong>Distrito<\/strong><\/p>\n<p><strong>Ro\u00e7ada e capina<\/strong>: continua\u00e7\u00e3o Madame Machado e Parque de Exposi\u00e7\u00e3o. Limpeza na galeria na Estrada Mineira *<\/p>\n<p><strong>M\u00e1quina e caminh\u00f5es<\/strong>: continua\u00e7\u00e3o Madame Machado *<\/p>\n<p><strong>Varri\u00e7\u00e3o di\u00e1ria<\/strong>: Corr\u00eaas, Nogueiras, Araras, Itaipava, Madame Machado, Vila Rica, Pedro do Rio, Secret\u00e1rio *<\/p>\n<p><strong>Diretoria de Limpeza P\u00fablica<\/strong><\/p>\n<p><strong>Varri\u00e7\u00e3o<\/strong>: Valpara\u00edso, Trono de F\u00e1tima, Fabr\u00edcio de Matos, Pra\u00e7a Osvaldo Cruz, Mosela e Bingen *<\/p>\n<p><strong>Varri\u00e7\u00e3o<\/strong>: feira livre do Centro *<\/p>\n<p><strong>(03) funcion\u00e1rios<\/strong> trabalhando na feira livre do Centro na retirada de res\u00edduos debaixo das bancas *<\/p>\n<p><strong>Caminh\u00e3o (C55) Pipa lavagem<\/strong>: Centro, Centro Hist\u00f3rico, Pra\u00e7a Alcindo Sodr\u00e9 atr\u00e1s da banca de jornal ap\u00f3s lavando o chafariz de Nogueira *<\/p>\n<p><strong>Caminh\u00e3o (C20) recolhimento de sacos de varri\u00e7\u00e3o<\/strong>: General Rondon, Coronel Veiga, Alto da Serra, Morin, Centro, Centro Hist\u00f3rico e Bingen *<\/p>\n<p><strong>Turma da noite (varri\u00e7\u00e3o):<\/strong> lavando a Rua Teresa, Aureliano Coutinho e Marechal Deodoro *<\/p>\n<p><strong>Diretoria de Obras<\/strong><\/p>\n<p><strong>Obra:<\/strong> Continua\u00e7\u00e3o da desmontagem de barracas no Pal\u00e1cio de Cristal *<\/p>\n<p><strong>Pintura<\/strong>: Bingen e Duarte da Silveira (continua) *<\/p>\n<p><strong>Carpintaria<\/strong>: Apoio no Pal\u00e1cio de Cristal &nbsp;*<\/p>\n<p><strong>El\u00e9trica<\/strong>: Vistoria nos chafarizes do Centro e lavagem do chafariz de Nogueira *<\/p>\n<p><strong>Serralharia<\/strong>: Constru\u00e7\u00e3o de coletoras na Cia *<\/p>\n<p><strong>Capina<\/strong>: Pra\u00e7a da Liberdade e entorno e Rua Humberto Rovigatti *<\/p>\n<p><strong>Diretoria Operacional &nbsp;<\/strong><\/p>\n<p><strong>M\u00e1quinas e caminh\u00f5es<\/strong>: Ch\u00e1cara Flora, Vila Felipe, Ferrovi\u00e1rios, Rua Teresa, Oto Reimarus, 24 de Maio, S\u00e3o Norberto *<\/p>\n<p><strong>Caminh\u00e3o Poli Guindaste:<\/strong> Independ\u00eancia *<\/p>\n<p><strong>Caminh\u00e3o D 08<\/strong>: Tr\u00eas Rios *<\/p>\n<p><strong>Capina e ro\u00e7ada:<\/strong> Imperatriz, Albino Siqueira, Vila Felipe, Alfredo Batista, Tom\u00e1s Cameron, Paulino Afonso, Rua It\u00e1lia, Frei Ciriaco, Get\u00falio Vargas, Duarte da Silveira, Morro do Pr\u00edncipe, Nelson Roncoroni, Lopes de Castro, Dias de Oliveira, Esqueleto, Ad\u00e3o Brand *<\/p>\n<p><strong>Bob Cat<\/strong>: Rua Get\u00falio Vargas *<\/p>\n<p><strong>Limpeza de rio:<\/strong> Rua Mosela *<\/p>\n<p><strong>Parques e Jardins<\/strong><\/p>\n<p><strong>Corte de grama<\/strong>: Avenida Koeller, Pra\u00e7a da Liberdade, Imperatriz e Ayrton Senna sentido Centro &nbsp;*<\/p>\n<p><strong>Jardim<\/strong>: Pra\u00e7a em frente Ricardo Eletro pra\u00e7a Guerra Peixe Pra\u00e7a Paulo Carneiro &nbsp;*<\/p>\n<p><strong>Caminh\u00e3o do jardim<\/strong>: recolher lixo verde Ayrton Senna *<\/p>\n","protected":false},"excerpt":{"rendered":"<p>Distrito Ro\u00e7ada e capina: continua\u00e7\u00e3o Madame Machado e Parque de Exposi\u00e7\u00e3o. Limpeza na galeria na Estrada Mineira * M\u00e1quina e caminh\u00f5es: continua\u00e7\u00e3o Madame Machado * Varri\u00e7\u00e3o di\u00e1ria: Corr\u00eaas, Nogueiras, Araras, Itaipava, Madame Machado, Vila Rica, Pedro do Rio, Secret\u00e1rio * Diretoria de Limpeza P\u00fablica Varri\u00e7\u00e3o: Valpara\u00edso, Trono de F\u00e1tima, Fabr\u00edcio de Matos, Pra\u00e7a Osvaldo Cruz,&hellip;<\/p>\n","protected":false},"author":1,"featured_media":2442,"comment_status":"closed","ping_status":"closed","sticky":false,"template":"","format":"standard","meta":{"_themeisle_gutenberg_block_has_review":false,"footnotes":""},"categories":[1],"tags":[],"_links":{"self":[{"href":"https:\/\/comdep.com.br\/index.php?rest_route=\/wp\/v2\/posts\/2440"}],"collection":[{"href":"https:\/\/comdep.com.br\/index.php?rest_route=\/wp\/v2\/posts"}],"about":[{"href":"https:\/\/comdep.com.br\/index.php?rest_route=\/wp\/v2\/types\/post"}],"author":[{"embeddable":true,"href":"https:\/\/comdep.com.br\/index.php?rest_route=\/wp\/v2\/users\/1"}],"replies":[{"embeddable":true,"href":"https:\/\/comdep.com.br\/index.php?rest_route=%2Fwp%2Fv2%2Fcomments&post=2440"}],"version-history":[{"count":2,"href":"https:\/\/comdep.com.br\/index.php?rest_route=\/wp\/v2\/posts\/2440\/revisions"}],"predecessor-version":[{"id":2443,"href":"https:\/\/comdep.com.br\/index.php?rest_route=\/wp\/v2\/posts\/2440\/revisions\/2443"}],"wp:featuredmedia":[{"embeddable":true,"href":"https:\/\/comdep.com.br\/index.php?rest_route=\/wp\/v2\/media\/2442"}],"wp:attachment":[{"href":"https:\/\/comdep.com.br\/index.php?rest_route=%2Fwp%2Fv2%2Fmedia&parent=2440"}],"wp:term":[{"taxonomy":"category","embeddable":true,"href":"https:\/\/comdep.com.br\/index.php?rest_route=%2Fwp%2Fv2%2Fcategories&post=2440"},{"taxonomy":"post_tag","embeddable":true,"href":"https:\/\/comdep.com.br\/index.php?rest_route=%2Fwp%2Fv2%2Ftags&post=2440"}],"curies":[{"name":"wp","href":"https:\/\/api.w.org\/{rel}","templated":true}]}}