{"id":2503,"date":"2020-02-03T11:05:54","date_gmt":"2020-02-03T14:05:54","guid":{"rendered":"http:\/\/comdep.com.br\/?p=2503"},"modified":"2020-02-03T11:09:16","modified_gmt":"2020-02-03T14:09:16","slug":"comdep-trabalhando-hoje-03-02-2020-nos-seguintes-locais","status":"publish","type":"post","link":"https:\/\/comdep.com.br\/?p=2503","title":{"rendered":"COMDEP  trabalhando hoje 03\/02\/2020 nos seguintes locais:"},"content":{"rendered":"<p><strong>Eventos<\/strong><\/p>\n<p><strong>Manuten\u00e7\u00e3o<\/strong> no material e qualquer solicita\u00e7\u00e3o da presid\u00eancia!<\/p>\n<p><strong>Diretoria de Parques e Jardins<\/strong><\/p>\n<p><strong>Corte de grama:<\/strong> Simeria Coronel Veiga *<\/p>\n<p><strong>Jardim<\/strong>: Simeria *<\/p>\n<p><strong>Caminh\u00e3o do jardim:<\/strong> Faetec e Get\u00falio Vargas Kombi transporte de ferramentas Centro Hist\u00f3rico *<\/p>\n<p><strong>Distritos<\/strong><\/p>\n<p><strong>Ro\u00e7ada e capina:<\/strong> Estrada do Ribeir\u00e3o Parque de Exposi\u00e7\u00e3o *<\/p>\n<p><strong>M\u00e1quina e caminh\u00f5es:<\/strong> Coletora do Catubira e Lago de Nogueiras *<\/p>\n<p><strong>Varri\u00e7\u00e3o di\u00e1ria:<\/strong> Corr\u00eaas, Nogueiras, Araras, Itaipava, Madame Machado, Vila Rica, Pedro do Rio, Secret\u00e1rio *<\/p>\n<p><strong>Diretoria Operacional<\/strong><\/p>\n<p><strong>M\u00e1quinas e caminh\u00f5es:<\/strong> Sim\u00e9ria, Olavo Bilac, Crist\u00f3v\u00e3o Colombo, Albino Siqueira, Irineu Correia, Dr.S\u00e1 Earp, Sousa Franco, Arnaldo de Azevedo, Floriano Peixoto, Alberto Torres, Fonseca Ramos, Silva Jardim, Rua Tereza *<\/p>\n<p><strong>Caminh\u00e3o D 08:<\/strong> Centro Hist\u00f3rico e turmas *<\/p>\n<p><strong>Caminh\u00e3o Poli Guindaste<\/strong>: Independ\u00eancia *<\/p>\n<p><strong>Capina e ro\u00e7ada:<\/strong> Mutir\u00e3o no Sim\u00e9ria, Jo\u00e3o Felipe Shimitd, Dr.S\u00e1 Earp, Tenente Queiroz, Rockfeler, Rua do Encanto, Henrique Castrioto, Jorge Justen,av. Portugal, Rep\u00fablica Dominicana, Vila Santa Rita, Av. dos Pinheiros, Duarte da Silveira *<\/p>\n<p><strong>Bob Cat:<\/strong> Rua Col\u00f4mbia *<\/p>\n<p><strong>Diretoria de Obras<\/strong><\/p>\n<p><strong>Obras:<\/strong> Troca de uma coletora de 2 metros na Rua Rocha Miranda *<\/p>\n<p><strong>Vistoria<\/strong> no posto de fiscaliza\u00e7\u00e3o, estacionamento da prefeitura *<\/p>\n<p><strong>T\u00e9rmino<\/strong> e pintura de canteiro em Correas *<\/p>\n<p><strong>Serralheria<\/strong>: Confec\u00e7\u00e3o de cestas de coletoras na cia *<\/p>\n<p><strong>Vistoria<\/strong> na rua, Marciano Magalh\u00e3es, Morin *<\/p>\n<p><strong>Pintura<\/strong>: Pra\u00e7a jo\u00e3o augusto borba, s\u00e3o sebasti\u00e3o *<\/p>\n<p><strong>Balaustres<\/strong> da rua souza franco (continua\u00e7\u00e3o) *<\/p>\n<p><strong>Carpintaria<\/strong>: Reparo e confec\u00e7\u00e3o de bancos e pe\u00e7as de pra\u00e7as e parquinhos.<\/p>\n<p><strong>El\u00e9trica<\/strong>: Manuten\u00e7\u00e3o em chafarizes do Centro Hist\u00f3rico *<\/p>\n<p><strong>Capina e ro\u00e7ada:<\/strong> Rua o, independencia (continua\u00e7\u00e3o) *<\/p>\n<p><strong>Capina e ro\u00e7ada:<\/strong> rua Humberto Rovigartti (continua\u00e7\u00e3o) *<\/p>\n<p><strong>Capina e limpeza de ralos<\/strong>: Avenida koeller (continua\u00e7\u00e3o) *<\/p>\n","protected":false},"excerpt":{"rendered":"<p>Eventos Manuten\u00e7\u00e3o no material e qualquer solicita\u00e7\u00e3o da presid\u00eancia! Diretoria de Parques e Jardins Corte de grama: Simeria Coronel Veiga * Jardim: Simeria * Caminh\u00e3o do jardim: Faetec e Get\u00falio Vargas Kombi transporte de ferramentas Centro Hist\u00f3rico * Distritos Ro\u00e7ada e capina: Estrada do Ribeir\u00e3o Parque de Exposi\u00e7\u00e3o * M\u00e1quina e caminh\u00f5es: Coletora do Catubira&hellip;<\/p>\n","protected":false},"author":1,"featured_media":2505,"comment_status":"open","ping_status":"open","sticky":false,"template":"","format":"standard","meta":{"_themeisle_gutenberg_block_has_review":false,"footnotes":""},"categories":[1],"tags":[],"_links":{"self":[{"href":"https:\/\/comdep.com.br\/index.php?rest_route=\/wp\/v2\/posts\/2503"}],"collection":[{"href":"https:\/\/comdep.com.br\/index.php?rest_route=\/wp\/v2\/posts"}],"about":[{"href":"https:\/\/comdep.com.br\/index.php?rest_route=\/wp\/v2\/types\/post"}],"author":[{"embeddable":true,"href":"https:\/\/comdep.com.br\/index.php?rest_route=\/wp\/v2\/users\/1"}],"replies":[{"embeddable":true,"href":"https:\/\/comdep.com.br\/index.php?rest_route=%2Fwp%2Fv2%2Fcomments&post=2503"}],"version-history":[{"count":1,"href":"https:\/\/comdep.com.br\/index.php?rest_route=\/wp\/v2\/posts\/2503\/revisions"}],"predecessor-version":[{"id":2504,"href":"https:\/\/comdep.com.br\/index.php?rest_route=\/wp\/v2\/posts\/2503\/revisions\/2504"}],"wp:featuredmedia":[{"embeddable":true,"href":"https:\/\/comdep.com.br\/index.php?rest_route=\/wp\/v2\/media\/2505"}],"wp:attachment":[{"href":"https:\/\/comdep.com.br\/index.php?rest_route=%2Fwp%2Fv2%2Fmedia&parent=2503"}],"wp:term":[{"taxonomy":"category","embeddable":true,"href":"https:\/\/comdep.com.br\/index.php?rest_route=%2Fwp%2Fv2%2Fcategories&post=2503"},{"taxonomy":"post_tag","embeddable":true,"href":"https:\/\/comdep.com.br\/index.php?rest_route=%2Fwp%2Fv2%2Ftags&post=2503"}],"curies":[{"name":"wp","href":"https:\/\/api.w.org\/{rel}","templated":true}]}}