{"id":2514,"date":"2020-02-04T11:50:34","date_gmt":"2020-02-04T14:50:34","guid":{"rendered":"http:\/\/comdep.com.br\/?p=2514"},"modified":"2020-02-04T11:56:33","modified_gmt":"2020-02-04T14:56:33","slug":"comdep-trabalhando-hoje-04-02-2020-nos-seguintes-locais","status":"publish","type":"post","link":"https:\/\/comdep.com.br\/?p=2514","title":{"rendered":"COMDEP trabalhando hoje 04\/02\/2020 nos seguintes locais:"},"content":{"rendered":"<p><strong>Distrito<\/strong><\/p>\n<p><strong>Ro\u00e7ada e capina<\/strong>: continua\u00e7\u00e3o Estrada do Ribeir\u00e3o, Parque de Exposi\u00e7\u00e3o. M\u00e1quina e Caminh\u00f5es continua\u00e7\u00e3o Vila Rica.<\/p>\n<p><strong>Varri\u00e7\u00e3o di\u00e1ria:<\/strong> Corr\u00eaas, Nogueiras, Araras, Itaipava, Madame Machado, Vila Rica,, Pedro do Rio, Secret\u00e1rio.<br \/>\n<strong>Obs<\/strong>: devido a chuva, ro\u00e7ada e capina, passou para o parque de exposi\u00e7\u00e3o.<\/p>\n<p><strong>Diretoria Operacional<\/strong><\/p>\n<p><strong>Varri\u00e7\u00e3o:<\/strong> Centro, Rua Teresa, 24 de maio, Rua Nova, 1\u00b0 de maio, pra\u00e7a Pasteur, Castel\u00e2nea, Conde D&#8217;Eu, Osvaldo de Freitas e Olavo Bilac.<br \/>\nVarri\u00e7\u00e3o na feira livre do Centro.<br \/>\n<strong>(03) funcion\u00e1rios<\/strong> trabalhando na feira livre do centro na retirada de res\u00edduos debaixo das bancas.<br \/>\n<strong>Caminh\u00e3o ( C20 ) recolhimento de sacos de varri\u00e7\u00e3o<\/strong>: Quitandinha, General Rondon, Coronel Veiga, Alto da Serra, Morin, Centro, Centro hist\u00f3rico e Bingen.<br \/>\n<strong>Caminh\u00e3o ( i02) Pipa lavagem<\/strong>: Centro, centro hist\u00f3rico, pra\u00e7a Alcindo Sodr\u00e9 atr\u00e1s da banca de jornal ap\u00f3s verificando o chafariz da pra\u00e7a da liberdade.<br \/>\n<strong>Caminh\u00e3o ( C55 ) Pipa:<\/strong> Reparo na garagem.<\/p>\n<p><strong>M\u00e1quinas e caminh\u00f5es:<\/strong> Rua Tereza, Morin, Sim\u00e9ria<br \/>\n<strong>Caminh\u00e3o Poli Guindaste:<\/strong> Independ\u00eancia, Ad\u00e3o Brand<br \/>\n<strong>Caminh\u00e3o D-08:<\/strong> Alcides Carneiro e turmas<\/p>\n<p><strong>Capina e Ro\u00e7ada:<\/strong> Imperatriz, Rua Tereza, Jo\u00e3o Felipe Shimitd, Vicenzo Riveti, Parq. S\u00e3o Vicente, Rua do Encanto, Henrique Castrioto, Ana Guilhermina Loos, Av. Portugal, Get\u00falio Vargas, Duarte da Silveira, Av. dos Pinheiros, Carolina justen, Max Miliano, Lu\u00eds Winter, Jornalista Pain de Carvalho, Col\u00f4mbia, Capit\u00e3o Paladino *<\/p>\n<p><strong>Limpeza de rio:<\/strong> na Rua Mosela *<\/p>\n<p><strong>Parques e Jardins<\/strong><\/p>\n<p><strong>OBS:<\/strong> a turma de corte de grama que iria Faculdade Federal ir\u00e1 para Parque S\u00e3o Vicente: motivo chuva n\u00e3o d\u00e1 para fazer a rampa *<\/p>\n<p><strong>Corte de \u00e1rvores:<\/strong> Vila Rica, Imperatriz, Caititu, Casa Bar\u00e3o de Mau\u00e1, UPA cascatinha *<\/p>\n<p><strong>Diretoria de Obras<\/strong><br \/>\n<strong>Obras<\/strong>: Recupera\u00e7\u00e3o De Tela Na Rua Vital Brasil *<\/p>\n<p><strong>Reinstala\u00e7\u00e3o<\/strong> de Tela Na Humberto Rovigartti *<\/p>\n<p><strong>Verificar<\/strong> uma coletora, tipo casinha que quebraram logo na subida do F\u00e9lix *<br \/>\n<strong>Serralheria<\/strong>: confec\u00e7\u00e3o de cestas de coletoras na cia *<\/p>\n<p><strong>Servid\u00e3o<\/strong> Manoel Hansen, Ponte do Fones (Continua\u00e7\u00e3o) *<\/p>\n<p><strong>Pintura<\/strong>: Balaustres da Rua Souza Franco (Continua\u00e7\u00e3o) *<\/p>\n<p><strong>Pra\u00e7a<\/strong> Jo\u00e3o Augusto Borba, S\u00e3o Sebasti\u00e3o (Continua\u00e7\u00e3o) *<\/p>\n<p><strong>Carpintaria<\/strong>: reparo e confec\u00e7\u00e3o de bancos e pe\u00e7as de pra\u00e7as e parquinhos *<\/p>\n<p><strong>El\u00e9trica<\/strong>: Manuten\u00e7\u00e3o de Chafarizes Do Centro Hist\u00f3rico *<\/p>\n<p><strong>Capina e Ro\u00e7ada:<\/strong> Humberto Rovigartti (Continua\u00e7\u00e3o) *<\/p>\n<p><strong>Capina e Ro\u00e7ada<\/strong>: Rua Padre Careli, sobrado ao lado do ferro velho (Cascatinha) *<\/p>\n<p><strong>Capina e Limpeza de Ralos<\/strong>: Avenida Koeller (Continua\u00e7\u00e3o) *<\/p>\n<p><strong>Instalando<\/strong> tela hoje tamb\u00e9m, na rua Rodolfo Bruno, beira do rio *<\/p>\n<p><strong>Eventos<\/strong><\/p>\n<p><strong>Retirar<\/strong> barracas no parque de Itaipava. Manuten\u00e7\u00e3o no material e qualquer solicita\u00e7\u00e3o da presid\u00eancia *<\/p>\n","protected":false},"excerpt":{"rendered":"<p>Distrito Ro\u00e7ada e capina: continua\u00e7\u00e3o Estrada do Ribeir\u00e3o, Parque de Exposi\u00e7\u00e3o. M\u00e1quina e Caminh\u00f5es continua\u00e7\u00e3o Vila Rica. Varri\u00e7\u00e3o di\u00e1ria: Corr\u00eaas, Nogueiras, Araras, Itaipava, Madame Machado, Vila Rica,, Pedro do Rio, Secret\u00e1rio. Obs: devido a chuva, ro\u00e7ada e capina, passou para o parque de exposi\u00e7\u00e3o. Diretoria Operacional Varri\u00e7\u00e3o: Centro, Rua Teresa, 24 de maio, Rua Nova,&hellip;<\/p>\n","protected":false},"author":1,"featured_media":2516,"comment_status":"open","ping_status":"open","sticky":false,"template":"","format":"standard","meta":{"_themeisle_gutenberg_block_has_review":false,"footnotes":""},"categories":[1],"tags":[],"_links":{"self":[{"href":"https:\/\/comdep.com.br\/index.php?rest_route=\/wp\/v2\/posts\/2514"}],"collection":[{"href":"https:\/\/comdep.com.br\/index.php?rest_route=\/wp\/v2\/posts"}],"about":[{"href":"https:\/\/comdep.com.br\/index.php?rest_route=\/wp\/v2\/types\/post"}],"author":[{"embeddable":true,"href":"https:\/\/comdep.com.br\/index.php?rest_route=\/wp\/v2\/users\/1"}],"replies":[{"embeddable":true,"href":"https:\/\/comdep.com.br\/index.php?rest_route=%2Fwp%2Fv2%2Fcomments&post=2514"}],"version-history":[{"count":1,"href":"https:\/\/comdep.com.br\/index.php?rest_route=\/wp\/v2\/posts\/2514\/revisions"}],"predecessor-version":[{"id":2515,"href":"https:\/\/comdep.com.br\/index.php?rest_route=\/wp\/v2\/posts\/2514\/revisions\/2515"}],"wp:featuredmedia":[{"embeddable":true,"href":"https:\/\/comdep.com.br\/index.php?rest_route=\/wp\/v2\/media\/2516"}],"wp:attachment":[{"href":"https:\/\/comdep.com.br\/index.php?rest_route=%2Fwp%2Fv2%2Fmedia&parent=2514"}],"wp:term":[{"taxonomy":"category","embeddable":true,"href":"https:\/\/comdep.com.br\/index.php?rest_route=%2Fwp%2Fv2%2Fcategories&post=2514"},{"taxonomy":"post_tag","embeddable":true,"href":"https:\/\/comdep.com.br\/index.php?rest_route=%2Fwp%2Fv2%2Ftags&post=2514"}],"curies":[{"name":"wp","href":"https:\/\/api.w.org\/{rel}","templated":true}]}}