{"id":2522,"date":"2020-02-05T10:04:21","date_gmt":"2020-02-05T13:04:21","guid":{"rendered":"http:\/\/comdep.com.br\/?p=2522"},"modified":"2020-02-05T10:06:08","modified_gmt":"2020-02-05T13:06:08","slug":"comdep-trabalhando-hoje-05-02-2020-nos-seguintes-locais","status":"publish","type":"post","link":"https:\/\/comdep.com.br\/?p=2522","title":{"rendered":"COMDEP trabalhando hoje 05\/02\/2020 nos seguintes locais:"},"content":{"rendered":"<p><strong>Diretoria Operacional<\/strong><\/p>\n<p><strong>M\u00e1quinas e caminh\u00f5es:<\/strong> Rio de Janeiro, Vicenzo Riveti, Morin, Vila Felipe *<\/p>\n<p><strong>Caminh\u00e3o Poli Guindaste:<\/strong> Independ\u00eancia, Rua do Encanto *<\/p>\n<p><strong>Caminh\u00e3o D 08:<\/strong> Centro Hist\u00f3rico e turmas *<\/p>\n<p><strong>Capina e ro\u00e7ada:<\/strong> Monte Caseiros, Rua Tereza, Vila Felipe, Vicenzo Riveti, Parq. S\u00e3o Vicente, Rua Encanto,Ang\u00e9lica Lopes de Castro, Henrique Rafard, Av. Portugal, Get\u00falio Vargas, Duarte da Silveira, Av. dos Pinheiros, Carolina Justen, Vila Vasconcelos, Lu\u00eds Winter, Jornalista Paim de Carvalho, Serrinha, Col\u00f4mbia, Capit\u00e3o Paladino *<\/p>\n<p><strong>Limpeza de rio:<\/strong> na Rua Mosela *<\/p>\n<p><strong>Parques e Jardins<\/strong><\/p>\n<p><strong>Corte de grama:<\/strong> Pronto Socorro e Francisco Manoel Parque S\u00e3o Vicente *<\/p>\n<p><strong>Jardim<\/strong>: Visconde do Itabora\u00ed *<\/p>\n<p><strong>Caminh\u00e3o do jardim<\/strong>: Manuten\u00e7\u00e3o *<\/p>\n<p><strong>Kombi do Jardim<\/strong>: Transporte de Ferramentas *<\/p>\n<p><strong>Eventos<\/strong><\/p>\n<p><strong>Manuten\u00e7\u00e3o<\/strong> no material e qualquer solicita\u00e7\u00e3o da presid\u00eancia *<\/p>\n<p><strong>Diretoria de Limpeza Urbana<\/strong><\/p>\n<p><strong>Caminh\u00e3o (C20) recolhimento de sacos de varri\u00e7\u00e3o<\/strong>: Quitandinha, Coronel Veiga, Alto da Serra, Morin, Centro, Centro Hist\u00f3rico, Cascatinha e Bingen *<\/p>\n<p><strong>Caminh\u00e3o (C55) Pipa lavagem<\/strong>: Centro, Centro Hist\u00f3rico, pra\u00e7a Alcindo Sodr\u00e9 atr\u00e1s da banca de jornal ap\u00f3s lavando o chafariz da pra\u00e7a da Inconfid\u00eancia *<\/p>\n<p><strong>Varri\u00e7\u00e3o<\/strong>: Capela, Manoel Torres, Bingen, Duarte da Silveira, Bairro Castrioto, D\u00edas de Oliveira e Valpara\u00edso *<\/p>\n<p><strong>Distritos<\/strong><\/p>\n<p><strong>Ro\u00e7ada e capina:<\/strong> continua\u00e7\u00e3o Estrada do Ribeir\u00e3o, Parque de Exposi\u00e7\u00e3o *<\/p>\n<p><strong>M\u00e1quina e caminh\u00f5es:<\/strong> Coletora Estrada Corr\u00eaa da Veiga, Estrada da Divisa, rua Amazonas, Rua Argentina *<\/p>\n<p><strong>Varri\u00e7\u00e3o di\u00e1ria<\/strong>: Corr\u00eaas, Nogueiras, Araras, Itaipava, Madame Machado, Vila Rica, Pedro do Rio, Secret\u00e1rio *<\/p>\n<p><strong>Diretoria de Obras<\/strong><\/p>\n<p><strong>Obras<\/strong>: Troca de coletora no Bairro da Gl\u00f3ria *<\/p>\n<p><strong>Serralheria<\/strong>: Corrim\u00e3o na Servid\u00e3o Manoel Hansen, na Ponte Fones, confec\u00e7\u00e3o de cestas coletoras na Cia *<\/p>\n<p><strong>Pintura<\/strong>: bala\u00fastres da Souza Franco (continua\u00e7\u00e3o) e Pra\u00e7a Wolney Aguiar *<\/p>\n<p><strong>Carpintaria<\/strong>: Reparo em carroceria do caminh\u00e3o, reparo em pe\u00e7as de Parquinhos *<\/p>\n<p><strong>El\u00e9trica<\/strong>: Manuten\u00e7\u00e3o dos Chafarizes no Centro e lavagem do chafariz da Pra\u00e7a da Inconfid\u00eancia *<\/p>\n<p><strong>Capina e Ro\u00e7ada:<\/strong> Transcarneriana, Rua Padre Caleri, Rua Floresta *<\/p>\n<p><strong>Capina e Limpeza de Ralos:<\/strong> Pra\u00e7a Princesa Isabel e entorno da Catedral *<\/p>\n","protected":false},"excerpt":{"rendered":"<p>Diretoria Operacional M\u00e1quinas e caminh\u00f5es: Rio de Janeiro, Vicenzo Riveti, Morin, Vila Felipe * Caminh\u00e3o Poli Guindaste: Independ\u00eancia, Rua do Encanto * Caminh\u00e3o D 08: Centro Hist\u00f3rico e turmas * Capina e ro\u00e7ada: Monte Caseiros, Rua Tereza, Vila Felipe, Vicenzo Riveti, Parq. S\u00e3o Vicente, Rua Encanto,Ang\u00e9lica Lopes de Castro, Henrique Rafard, Av. Portugal, Get\u00falio Vargas,&hellip;<\/p>\n","protected":false},"author":1,"featured_media":2524,"comment_status":"open","ping_status":"open","sticky":false,"template":"","format":"standard","meta":{"_themeisle_gutenberg_block_has_review":false,"footnotes":""},"categories":[1],"tags":[],"_links":{"self":[{"href":"https:\/\/comdep.com.br\/index.php?rest_route=\/wp\/v2\/posts\/2522"}],"collection":[{"href":"https:\/\/comdep.com.br\/index.php?rest_route=\/wp\/v2\/posts"}],"about":[{"href":"https:\/\/comdep.com.br\/index.php?rest_route=\/wp\/v2\/types\/post"}],"author":[{"embeddable":true,"href":"https:\/\/comdep.com.br\/index.php?rest_route=\/wp\/v2\/users\/1"}],"replies":[{"embeddable":true,"href":"https:\/\/comdep.com.br\/index.php?rest_route=%2Fwp%2Fv2%2Fcomments&post=2522"}],"version-history":[{"count":1,"href":"https:\/\/comdep.com.br\/index.php?rest_route=\/wp\/v2\/posts\/2522\/revisions"}],"predecessor-version":[{"id":2523,"href":"https:\/\/comdep.com.br\/index.php?rest_route=\/wp\/v2\/posts\/2522\/revisions\/2523"}],"wp:featuredmedia":[{"embeddable":true,"href":"https:\/\/comdep.com.br\/index.php?rest_route=\/wp\/v2\/media\/2524"}],"wp:attachment":[{"href":"https:\/\/comdep.com.br\/index.php?rest_route=%2Fwp%2Fv2%2Fmedia&parent=2522"}],"wp:term":[{"taxonomy":"category","embeddable":true,"href":"https:\/\/comdep.com.br\/index.php?rest_route=%2Fwp%2Fv2%2Fcategories&post=2522"},{"taxonomy":"post_tag","embeddable":true,"href":"https:\/\/comdep.com.br\/index.php?rest_route=%2Fwp%2Fv2%2Ftags&post=2522"}],"curies":[{"name":"wp","href":"https:\/\/api.w.org\/{rel}","templated":true}]}}