{"id":2531,"date":"2020-02-06T15:08:02","date_gmt":"2020-02-06T18:08:02","guid":{"rendered":"http:\/\/comdep.com.br\/?p=2531"},"modified":"2020-02-06T15:14:03","modified_gmt":"2020-02-06T18:14:03","slug":"comdep-trabalhando-hoje-06-02-2020-nos-seguintes-locais","status":"publish","type":"post","link":"https:\/\/comdep.com.br\/?p=2531","title":{"rendered":"COMDEP trabalhando hoje 06\/02\/2020 nos seguintes locais:"},"content":{"rendered":"<p><strong>Distrito<\/strong><\/p>\n<p><strong>Ro\u00e7ada e Capina:<\/strong> continua\u00e7\u00e3o Estrada do Ribeir\u00e3o, Parque de Exposi\u00e7\u00e3o. M\u00e1quina e Caminh\u00f5es Castelo S\u00e3o Manoel. Varri\u00e7\u00e3o di\u00e1ria Corr\u00eaas, Nogueiras, Araras, Itaipava, Madame Machado, Vila Rica, Pedro do Rio, Secret\u00e1rio. *<\/p>\n<p><strong>Diretoria Operacional<\/strong><\/p>\n<p><strong>M\u00e1quinas e caminh\u00f5es:<\/strong> Rio de Janeiro, Minas Gerais, Mato Grosso, Goi\u00e1s, Sim\u00e9ria, Morin, Vila Felipe.. *<\/p>\n<p><strong>Caminh\u00e3o Poli Guindaste:<\/strong> Independ\u00eancia, Rua do Encanto.. *<\/p>\n<p><strong>Caminh\u00e3o D 08<\/strong>: Centro Hist\u00f3rico e turmas.. *<\/p>\n<p><strong>Capina e ro\u00e7ada:<\/strong> Sete de abril, Rua Tereza, Prefeito Jo\u00e3o Ezio Caldara, Mutir\u00e3o no Carangola, Parq. S\u00e3o Vicente, Quarteir\u00e3o Ingelheim, Ang\u00e9lica Lopes de Castro, Henrique Rafard, Av.Portugal, Caminho do Imperador, Vila Santa Rita, Lu\u00eds Winter, Col\u00f4mbia, Capit\u00e3o Paladino *<\/p>\n<p><strong>Limpeza<\/strong>: Rio na Rua Mosela *<\/p>\n<p><strong>OBS: Devido a chuva estamos deslocando todas as equipes de Capina e Ro\u00e7ada para a prefeitura presente no Vale do Carangola *<\/strong><\/p>\n<p><strong>Caminh\u00e3o (C20) recolhimento de sacos de varri\u00e7\u00e3o<\/strong>: General Rondon, coronel Veiga, Alto da Serra, Morim, Centro, Centro Hist\u00f3rico e Bingen *<\/p>\n<p><strong>Caminh\u00e3o (i02) Pipa lavagem<\/strong>: Centro, Centro Hist\u00f3rico, pra\u00e7a Alcindo Sodr\u00e9 atr\u00e1s da banca de jornal ap\u00f3s enchendo o chafariz da pra\u00e7a da Inconfid\u00eancia *<\/p>\n<p><strong>Caminh\u00e3o (C55) Pipa<\/strong> em manuten\u00e7\u00e3o na garagem *<\/p>\n<p><strong>Varri\u00e7\u00e3o<\/strong>: feira livre da pra\u00e7a Pasteur *<\/p>\n<p><strong>Varri\u00e7\u00e3o<\/strong>: Quitandinha, general Rondon, Duques, Pontes do Fones, Olavo Bilac, Castel\u00e2nea, pra\u00e7a Pasteur, pra\u00e7a Catulo e Cardoso fontes. *<\/p>\n<p><strong>Parques e Jardins<\/strong><\/p>\n<p><strong>Corte de grama<\/strong>: parque S\u00e3o Vicente e piabanha jardim Get\u00falio Vargas caminh\u00e3o do jardim recolher lixo verde centro hist\u00f3rico Kombi do jardim transporte de ferramentas *<\/p>\n<p><strong>OBS: Devido a chuva a equipe de grama deslocada para Carangola e Nogueira *<\/strong><\/p>\n<p><strong>Jardim<\/strong>: Get\u00falio Vargas *<\/p>\n<p><strong>Caminh\u00e3o do jardim<\/strong>: recolher lixo verde Centro Hist\u00f3rico *<\/p>\n<p><strong>Kombi do jardim<\/strong>: transporte de ferramentas *<\/p>\n<p><strong>Diretoria de obras<\/strong><\/p>\n<p><strong>Serralheria:<\/strong> confec\u00e7\u00e3o de cestas coletoras na cia &nbsp;*<\/p>\n<p><strong>Carpintaria<\/strong>: in\u00edcio desmontagem de ponte parque cremerie &nbsp;*<\/p>\n<p><strong>El\u00e9trica<\/strong>: manuten\u00e7\u00e3o de chafarizes no Centro Hist\u00f3rico e bairros &nbsp;*<\/p>\n<p><strong>Capina ro\u00e7ada e limpeza de canaletas<\/strong>: Rua Floresta (Centro) ,Rua Padre Caleri (Cascatinha) e Avenida Tiradentes (conservas centro continua\u00e7\u00e3o).em frente a Catedral. &nbsp;*<\/p>\n<p><strong>Pintura<\/strong>: Pra\u00e7a Wolney Aguiar (limpeza continua\u00e7\u00e3o) e Rua Souza Franco, espa\u00e7o dos feirantes &nbsp;*<\/p>\n<p><strong>Obras<\/strong>: constru\u00e7\u00e3o de baia para coletoras, Rua Vig\u00e1rio Correa (subida do Alcides Carneiro) *<\/p>\n<p><strong>Obras<\/strong>: instala\u00e7\u00e3o de coletoras e placas proibitiva de descarte de entulho, em Pedro do Rio *<\/p>\n<p><strong>Eventos<\/strong><\/p>\n<p><strong>Manuten\u00e7\u00e3o<\/strong> no material e qualquer solicita\u00e7\u00e3o da presid\u00eancia *<\/p>\n","protected":false},"excerpt":{"rendered":"<p>Distrito Ro\u00e7ada e Capina: continua\u00e7\u00e3o Estrada do Ribeir\u00e3o, Parque de Exposi\u00e7\u00e3o. M\u00e1quina e Caminh\u00f5es Castelo S\u00e3o Manoel. Varri\u00e7\u00e3o di\u00e1ria Corr\u00eaas, Nogueiras, Araras, Itaipava, Madame Machado, Vila Rica, Pedro do Rio, Secret\u00e1rio. * Diretoria Operacional M\u00e1quinas e caminh\u00f5es: Rio de Janeiro, Minas Gerais, Mato Grosso, Goi\u00e1s, Sim\u00e9ria, Morin, Vila Felipe.. * Caminh\u00e3o Poli Guindaste: Independ\u00eancia, Rua&hellip;<\/p>\n","protected":false},"author":1,"featured_media":2533,"comment_status":"open","ping_status":"open","sticky":false,"template":"","format":"standard","meta":{"_themeisle_gutenberg_block_has_review":false,"footnotes":""},"categories":[1],"tags":[],"_links":{"self":[{"href":"https:\/\/comdep.com.br\/index.php?rest_route=\/wp\/v2\/posts\/2531"}],"collection":[{"href":"https:\/\/comdep.com.br\/index.php?rest_route=\/wp\/v2\/posts"}],"about":[{"href":"https:\/\/comdep.com.br\/index.php?rest_route=\/wp\/v2\/types\/post"}],"author":[{"embeddable":true,"href":"https:\/\/comdep.com.br\/index.php?rest_route=\/wp\/v2\/users\/1"}],"replies":[{"embeddable":true,"href":"https:\/\/comdep.com.br\/index.php?rest_route=%2Fwp%2Fv2%2Fcomments&post=2531"}],"version-history":[{"count":2,"href":"https:\/\/comdep.com.br\/index.php?rest_route=\/wp\/v2\/posts\/2531\/revisions"}],"predecessor-version":[{"id":2534,"href":"https:\/\/comdep.com.br\/index.php?rest_route=\/wp\/v2\/posts\/2531\/revisions\/2534"}],"wp:featuredmedia":[{"embeddable":true,"href":"https:\/\/comdep.com.br\/index.php?rest_route=\/wp\/v2\/media\/2533"}],"wp:attachment":[{"href":"https:\/\/comdep.com.br\/index.php?rest_route=%2Fwp%2Fv2%2Fmedia&parent=2531"}],"wp:term":[{"taxonomy":"category","embeddable":true,"href":"https:\/\/comdep.com.br\/index.php?rest_route=%2Fwp%2Fv2%2Fcategories&post=2531"},{"taxonomy":"post_tag","embeddable":true,"href":"https:\/\/comdep.com.br\/index.php?rest_route=%2Fwp%2Fv2%2Ftags&post=2531"}],"curies":[{"name":"wp","href":"https:\/\/api.w.org\/{rel}","templated":true}]}}